{"id":73377,"date":"2025-12-04T09:30:55","date_gmt":"2025-12-04T08:30:55","guid":{"rendered":"https:\/\/www.boesner.com\/kunstportal\/?p=73377"},"modified":"2025-12-04T09:30:55","modified_gmt":"2025-12-04T08:30:55","slug":"heiner-meyer","status":"publish","type":"post","link":"https:\/\/www.boesner.com\/kunstportal\/kunst-und-kuenstler\/hintergrund\/heiner-meyer\/","title":{"rendered":"Momente des Unbestimmten"},"content":{"rendered":"","protected":false},"excerpt":{"rendered":"<p>Die Kunst Heiner Meyers<\/p>\n","protected":false},"author":9,"featured_media":73409,"comment_status":"open","ping_status":"closed","sticky":false,"template":"","format":"standard","meta":[],"categories":[3],"tags":[1057,1059],"class_list":["post-73377","post","type-post","status-publish","format-standard","has-post-thumbnail","hentry","category-hintergrund","tag-heiner-meyer","tag-pop-art"],"acf":[],"yoast_head":"<!-- This site is optimized with the Yoast SEO plugin v27.0 - https:\/\/yoast.com\/product\/yoast-seo-wordpress\/ -->\n<title>Momente des Unbestimmten - boesnerKunstportal<\/title>\n<meta name=\"description\" content=\"Heiner Meyer nimmt Symbole, Muster und Versprechen aus Werbung, Mode, Film und Konsum auf und formt daraus eigene Geschichten. Seine Kunst zeigt, was wir sehen \u2013 und wie wir sehen. Offen, vielschichtig und mit feiner Ironie l\u00e4dt Meyers Bilderwelt dazu ein, \u00fcber W\u00fcnsche, Ideale und die eigene Wahrnehmung nachzudenken.\" \/>\n<meta name=\"robots\" content=\"index, follow, max-snippet:-1, max-image-preview:large, max-video-preview:-1\" \/>\n<link rel=\"canonical\" href=\"https:\/\/www.boesner.com\/kunstportal\/kunst-und-kuenstler\/hintergrund\/heiner-meyer\/\" \/>\n<meta property=\"og:locale\" content=\"de_DE\" \/>\n<meta property=\"og:type\" content=\"article\" \/>\n<meta property=\"og:title\" content=\"Momente des Unbestimmten - boesnerKunstportal\" \/>\n<meta property=\"og:description\" content=\"Heiner Meyer nimmt Symbole, Muster und Versprechen aus Werbung, Mode, Film und Konsum auf und formt daraus eigene Geschichten. Seine Kunst zeigt, was wir sehen \u2013 und wie wir sehen. Offen, vielschichtig und mit feiner Ironie l\u00e4dt Meyers Bilderwelt dazu ein, \u00fcber W\u00fcnsche, Ideale und die eigene Wahrnehmung nachzudenken.\" \/>\n<meta property=\"og:url\" content=\"https:\/\/www.boesner.com\/kunstportal\/kunst-und-kuenstler\/hintergrund\/heiner-meyer\/\" \/>\n<meta property=\"og:site_name\" content=\"boesnerKunstportal\" \/>\n<meta property=\"article:publisher\" content=\"https:\/\/www.facebook.com\/boesner\" \/>\n<meta property=\"article:published_time\" content=\"2025-12-04T08:30:55+00:00\" \/>\n<meta property=\"og:image\" content=\"https:\/\/www.boesner.com\/kunstportal\/app\/uploads\/2025\/11\/BMWBemalung3_bemalt_Vers-4-1200x630.jpg\" \/>\n\t<meta property=\"og:image:width\" content=\"1200\" \/>\n\t<meta property=\"og:image:height\" content=\"630\" \/>\n\t<meta property=\"og:image:type\" content=\"image\/jpeg\" \/>\n<meta name=\"author\" content=\"kunstportal\" \/>\n<meta name=\"twitter:card\" content=\"summary_large_image\" \/>\n<meta name=\"twitter:creator\" content=\"@boesner\" \/>\n<meta name=\"twitter:site\" content=\"@boesner\" \/>\n<meta name=\"twitter:label1\" content=\"Verfasst von\" \/>\n\t<meta name=\"twitter:data1\" content=\"kunstportal\" \/>\n\t<meta name=\"twitter:label2\" content=\"Gesch\u00e4tzte Lesezeit\" \/>\n\t<meta name=\"twitter:data2\" content=\"1\u00a0Minute\" \/>\n<script type=\"application\/ld+json\" class=\"yoast-schema-graph\">{\"@context\":\"https:\/\/schema.org\",\"@graph\":[{\"@type\":\"Article\",\"@id\":\"https:\/\/www.boesner.com\/kunstportal\/kunst-und-kuenstler\/hintergrund\/heiner-meyer\/#article\",\"isPartOf\":{\"@id\":\"https:\/\/www.boesner.com\/kunstportal\/kunst-und-kuenstler\/hintergrund\/heiner-meyer\/\"},\"author\":{\"name\":\"kunstportal\",\"@id\":\"https:\/\/www.boesner.com\/kunstportal\/#\/schema\/person\/29c871eaa27dc90d61b05b61b3112a4f\"},\"headline\":\"Momente des Unbestimmten\",\"datePublished\":\"2025-12-04T08:30:55+00:00\",\"mainEntityOfPage\":{\"@id\":\"https:\/\/www.boesner.com\/kunstportal\/kunst-und-kuenstler\/hintergrund\/heiner-meyer\/\"},\"wordCount\":3,\"commentCount\":0,\"image\":{\"@id\":\"https:\/\/www.boesner.com\/kunstportal\/kunst-und-kuenstler\/hintergrund\/heiner-meyer\/#primaryimage\"},\"thumbnailUrl\":\"https:\/\/www.boesner.com\/kunstportal\/app\/uploads\/2025\/11\/BMWBemalung3_bemalt_Vers-4.jpg\",\"keywords\":[\"Heiner Meyer\",\"Pop-Art\"],\"articleSection\":[\"Hintergrund\"],\"inLanguage\":\"de\",\"potentialAction\":[{\"@type\":\"CommentAction\",\"name\":\"Comment\",\"target\":[\"https:\/\/www.boesner.com\/kunstportal\/kunst-und-kuenstler\/hintergrund\/heiner-meyer\/#respond\"]}]},{\"@type\":\"WebPage\",\"@id\":\"https:\/\/www.boesner.com\/kunstportal\/kunst-und-kuenstler\/hintergrund\/heiner-meyer\/\",\"url\":\"https:\/\/www.boesner.com\/kunstportal\/kunst-und-kuenstler\/hintergrund\/heiner-meyer\/\",\"name\":\"Momente des Unbestimmten - boesnerKunstportal\",\"isPartOf\":{\"@id\":\"https:\/\/www.boesner.com\/kunstportal\/#website\"},\"primaryImageOfPage\":{\"@id\":\"https:\/\/www.boesner.com\/kunstportal\/kunst-und-kuenstler\/hintergrund\/heiner-meyer\/#primaryimage\"},\"image\":{\"@id\":\"https:\/\/www.boesner.com\/kunstportal\/kunst-und-kuenstler\/hintergrund\/heiner-meyer\/#primaryimage\"},\"thumbnailUrl\":\"https:\/\/www.boesner.com\/kunstportal\/app\/uploads\/2025\/11\/BMWBemalung3_bemalt_Vers-4.jpg\",\"datePublished\":\"2025-12-04T08:30:55+00:00\",\"author\":{\"@id\":\"https:\/\/www.boesner.com\/kunstportal\/#\/schema\/person\/29c871eaa27dc90d61b05b61b3112a4f\"},\"description\":\"Heiner Meyer nimmt Symbole, Muster und Versprechen aus Werbung, Mode, Film und Konsum auf und formt daraus eigene Geschichten. Seine Kunst zeigt, was wir sehen \u2013 und wie wir sehen. Offen, vielschichtig und mit feiner Ironie l\u00e4dt Meyers Bilderwelt dazu ein, \u00fcber W\u00fcnsche, Ideale und die eigene Wahrnehmung nachzudenken.\",\"breadcrumb\":{\"@id\":\"https:\/\/www.boesner.com\/kunstportal\/kunst-und-kuenstler\/hintergrund\/heiner-meyer\/#breadcrumb\"},\"inLanguage\":\"de\",\"potentialAction\":[{\"@type\":\"ReadAction\",\"target\":[\"https:\/\/www.boesner.com\/kunstportal\/kunst-und-kuenstler\/hintergrund\/heiner-meyer\/\"]}]},{\"@type\":\"ImageObject\",\"inLanguage\":\"de\",\"@id\":\"https:\/\/www.boesner.com\/kunstportal\/kunst-und-kuenstler\/hintergrund\/heiner-meyer\/#primaryimage\",\"url\":\"https:\/\/www.boesner.com\/kunstportal\/app\/uploads\/2025\/11\/BMWBemalung3_bemalt_Vers-4.jpg\",\"contentUrl\":\"https:\/\/www.boesner.com\/kunstportal\/app\/uploads\/2025\/11\/BMWBemalung3_bemalt_Vers-4.jpg\",\"width\":1920,\"height\":1280,\"caption\":\"New Horizon Foto: Studio Heiner Meyer\"},{\"@type\":\"BreadcrumbList\",\"@id\":\"https:\/\/www.boesner.com\/kunstportal\/kunst-und-kuenstler\/hintergrund\/heiner-meyer\/#breadcrumb\",\"itemListElement\":[{\"@type\":\"ListItem\",\"position\":1,\"name\":\"Home\",\"item\":\"https:\/\/www.boesner.com\/kunstportal\/\"},{\"@type\":\"ListItem\",\"position\":2,\"name\":\"Momente des Unbestimmten\"}]},{\"@type\":\"WebSite\",\"@id\":\"https:\/\/www.boesner.com\/kunstportal\/#website\",\"url\":\"https:\/\/www.boesner.com\/kunstportal\/\",\"name\":\"boesnerKunstportal\",\"description\":\"\",\"potentialAction\":[{\"@type\":\"SearchAction\",\"target\":{\"@type\":\"EntryPoint\",\"urlTemplate\":\"https:\/\/www.boesner.com\/kunstportal\/?s={search_term_string}\"},\"query-input\":{\"@type\":\"PropertyValueSpecification\",\"valueRequired\":true,\"valueName\":\"search_term_string\"}}],\"inLanguage\":\"de\"},{\"@type\":\"Person\",\"@id\":\"https:\/\/www.boesner.com\/kunstportal\/#\/schema\/person\/29c871eaa27dc90d61b05b61b3112a4f\",\"name\":\"kunstportal\",\"image\":{\"@type\":\"ImageObject\",\"inLanguage\":\"de\",\"@id\":\"https:\/\/www.boesner.com\/kunstportal\/#\/schema\/person\/image\/\",\"url\":\"https:\/\/secure.gravatar.com\/avatar\/f4a40f1298cee68fdd0a0079d60a5f5d83550f6e145495ebd8aa4a4fecfbb6c7?s=96&d=mm&r=g\",\"contentUrl\":\"https:\/\/secure.gravatar.com\/avatar\/f4a40f1298cee68fdd0a0079d60a5f5d83550f6e145495ebd8aa4a4fecfbb6c7?s=96&d=mm&r=g\",\"caption\":\"kunstportal\"}}]}<\/script>\n<!-- \/ Yoast SEO plugin. -->","yoast_head_json":{"title":"Momente des Unbestimmten - boesnerKunstportal","description":"Heiner Meyer nimmt Symbole, Muster und Versprechen aus Werbung, Mode, Film und Konsum auf und formt daraus eigene Geschichten. Seine Kunst zeigt, was wir sehen \u2013 und wie wir sehen. Offen, vielschichtig und mit feiner Ironie l\u00e4dt Meyers Bilderwelt dazu ein, \u00fcber W\u00fcnsche, Ideale und die eigene Wahrnehmung nachzudenken.","robots":{"index":"index","follow":"follow","max-snippet":"max-snippet:-1","max-image-preview":"max-image-preview:large","max-video-preview":"max-video-preview:-1"},"canonical":"https:\/\/www.boesner.com\/kunstportal\/kunst-und-kuenstler\/hintergrund\/heiner-meyer\/","og_locale":"de_DE","og_type":"article","og_title":"Momente des Unbestimmten - boesnerKunstportal","og_description":"Heiner Meyer nimmt Symbole, Muster und Versprechen aus Werbung, Mode, Film und Konsum auf und formt daraus eigene Geschichten. Seine Kunst zeigt, was wir sehen \u2013 und wie wir sehen. Offen, vielschichtig und mit feiner Ironie l\u00e4dt Meyers Bilderwelt dazu ein, \u00fcber W\u00fcnsche, Ideale und die eigene Wahrnehmung nachzudenken.","og_url":"https:\/\/www.boesner.com\/kunstportal\/kunst-und-kuenstler\/hintergrund\/heiner-meyer\/","og_site_name":"boesnerKunstportal","article_publisher":"https:\/\/www.facebook.com\/boesner","article_published_time":"2025-12-04T08:30:55+00:00","og_image":[{"width":1200,"height":630,"url":"https:\/\/www.boesner.com\/kunstportal\/app\/uploads\/2025\/11\/BMWBemalung3_bemalt_Vers-4-1200x630.jpg","type":"image\/jpeg"}],"author":"kunstportal","twitter_card":"summary_large_image","twitter_creator":"@boesner","twitter_site":"@boesner","twitter_misc":{"Verfasst von":"kunstportal","Gesch\u00e4tzte Lesezeit":"1\u00a0Minute"},"schema":{"@context":"https:\/\/schema.org","@graph":[{"@type":"Article","@id":"https:\/\/www.boesner.com\/kunstportal\/kunst-und-kuenstler\/hintergrund\/heiner-meyer\/#article","isPartOf":{"@id":"https:\/\/www.boesner.com\/kunstportal\/kunst-und-kuenstler\/hintergrund\/heiner-meyer\/"},"author":{"name":"kunstportal","@id":"https:\/\/www.boesner.com\/kunstportal\/#\/schema\/person\/29c871eaa27dc90d61b05b61b3112a4f"},"headline":"Momente des Unbestimmten","datePublished":"2025-12-04T08:30:55+00:00","mainEntityOfPage":{"@id":"https:\/\/www.boesner.com\/kunstportal\/kunst-und-kuenstler\/hintergrund\/heiner-meyer\/"},"wordCount":3,"commentCount":0,"image":{"@id":"https:\/\/www.boesner.com\/kunstportal\/kunst-und-kuenstler\/hintergrund\/heiner-meyer\/#primaryimage"},"thumbnailUrl":"https:\/\/www.boesner.com\/kunstportal\/app\/uploads\/2025\/11\/BMWBemalung3_bemalt_Vers-4.jpg","keywords":["Heiner Meyer","Pop-Art"],"articleSection":["Hintergrund"],"inLanguage":"de","potentialAction":[{"@type":"CommentAction","name":"Comment","target":["https:\/\/www.boesner.com\/kunstportal\/kunst-und-kuenstler\/hintergrund\/heiner-meyer\/#respond"]}]},{"@type":"WebPage","@id":"https:\/\/www.boesner.com\/kunstportal\/kunst-und-kuenstler\/hintergrund\/heiner-meyer\/","url":"https:\/\/www.boesner.com\/kunstportal\/kunst-und-kuenstler\/hintergrund\/heiner-meyer\/","name":"Momente des Unbestimmten - boesnerKunstportal","isPartOf":{"@id":"https:\/\/www.boesner.com\/kunstportal\/#website"},"primaryImageOfPage":{"@id":"https:\/\/www.boesner.com\/kunstportal\/kunst-und-kuenstler\/hintergrund\/heiner-meyer\/#primaryimage"},"image":{"@id":"https:\/\/www.boesner.com\/kunstportal\/kunst-und-kuenstler\/hintergrund\/heiner-meyer\/#primaryimage"},"thumbnailUrl":"https:\/\/www.boesner.com\/kunstportal\/app\/uploads\/2025\/11\/BMWBemalung3_bemalt_Vers-4.jpg","datePublished":"2025-12-04T08:30:55+00:00","author":{"@id":"https:\/\/www.boesner.com\/kunstportal\/#\/schema\/person\/29c871eaa27dc90d61b05b61b3112a4f"},"description":"Heiner Meyer nimmt Symbole, Muster und Versprechen aus Werbung, Mode, Film und Konsum auf und formt daraus eigene Geschichten. Seine Kunst zeigt, was wir sehen \u2013 und wie wir sehen. Offen, vielschichtig und mit feiner Ironie l\u00e4dt Meyers Bilderwelt dazu ein, \u00fcber W\u00fcnsche, Ideale und die eigene Wahrnehmung nachzudenken.","breadcrumb":{"@id":"https:\/\/www.boesner.com\/kunstportal\/kunst-und-kuenstler\/hintergrund\/heiner-meyer\/#breadcrumb"},"inLanguage":"de","potentialAction":[{"@type":"ReadAction","target":["https:\/\/www.boesner.com\/kunstportal\/kunst-und-kuenstler\/hintergrund\/heiner-meyer\/"]}]},{"@type":"ImageObject","inLanguage":"de","@id":"https:\/\/www.boesner.com\/kunstportal\/kunst-und-kuenstler\/hintergrund\/heiner-meyer\/#primaryimage","url":"https:\/\/www.boesner.com\/kunstportal\/app\/uploads\/2025\/11\/BMWBemalung3_bemalt_Vers-4.jpg","contentUrl":"https:\/\/www.boesner.com\/kunstportal\/app\/uploads\/2025\/11\/BMWBemalung3_bemalt_Vers-4.jpg","width":1920,"height":1280,"caption":"New Horizon Foto: Studio Heiner Meyer"},{"@type":"BreadcrumbList","@id":"https:\/\/www.boesner.com\/kunstportal\/kunst-und-kuenstler\/hintergrund\/heiner-meyer\/#breadcrumb","itemListElement":[{"@type":"ListItem","position":1,"name":"Home","item":"https:\/\/www.boesner.com\/kunstportal\/"},{"@type":"ListItem","position":2,"name":"Momente des Unbestimmten"}]},{"@type":"WebSite","@id":"https:\/\/www.boesner.com\/kunstportal\/#website","url":"https:\/\/www.boesner.com\/kunstportal\/","name":"boesnerKunstportal","description":"","potentialAction":[{"@type":"SearchAction","target":{"@type":"EntryPoint","urlTemplate":"https:\/\/www.boesner.com\/kunstportal\/?s={search_term_string}"},"query-input":{"@type":"PropertyValueSpecification","valueRequired":true,"valueName":"search_term_string"}}],"inLanguage":"de"},{"@type":"Person","@id":"https:\/\/www.boesner.com\/kunstportal\/#\/schema\/person\/29c871eaa27dc90d61b05b61b3112a4f","name":"kunstportal","image":{"@type":"ImageObject","inLanguage":"de","@id":"https:\/\/www.boesner.com\/kunstportal\/#\/schema\/person\/image\/","url":"https:\/\/secure.gravatar.com\/avatar\/f4a40f1298cee68fdd0a0079d60a5f5d83550f6e145495ebd8aa4a4fecfbb6c7?s=96&d=mm&r=g","contentUrl":"https:\/\/secure.gravatar.com\/avatar\/f4a40f1298cee68fdd0a0079d60a5f5d83550f6e145495ebd8aa4a4fecfbb6c7?s=96&d=mm&r=g","caption":"kunstportal"}}]}},"_links":{"self":[{"href":"https:\/\/www.boesner.com\/kunstportal\/wp-json\/wp\/v2\/posts\/73377","targetHints":{"allow":["GET"]}}],"collection":[{"href":"https:\/\/www.boesner.com\/kunstportal\/wp-json\/wp\/v2\/posts"}],"about":[{"href":"https:\/\/www.boesner.com\/kunstportal\/wp-json\/wp\/v2\/types\/post"}],"author":[{"embeddable":true,"href":"https:\/\/www.boesner.com\/kunstportal\/wp-json\/wp\/v2\/users\/9"}],"replies":[{"embeddable":true,"href":"https:\/\/www.boesner.com\/kunstportal\/wp-json\/wp\/v2\/comments?post=73377"}],"version-history":[{"count":7,"href":"https:\/\/www.boesner.com\/kunstportal\/wp-json\/wp\/v2\/posts\/73377\/revisions"}],"predecessor-version":[{"id":73591,"href":"https:\/\/www.boesner.com\/kunstportal\/wp-json\/wp\/v2\/posts\/73377\/revisions\/73591"}],"wp:featuredmedia":[{"embeddable":true,"href":"https:\/\/www.boesner.com\/kunstportal\/wp-json\/wp\/v2\/media\/73409"}],"wp:attachment":[{"href":"https:\/\/www.boesner.com\/kunstportal\/wp-json\/wp\/v2\/media?parent=73377"}],"wp:term":[{"taxonomy":"category","embeddable":true,"href":"https:\/\/www.boesner.com\/kunstportal\/wp-json\/wp\/v2\/categories?post=73377"},{"taxonomy":"post_tag","embeddable":true,"href":"https:\/\/www.boesner.com\/kunstportal\/wp-json\/wp\/v2\/tags?post=73377"}],"curies":[{"name":"wp","href":"https:\/\/api.w.org\/{rel}","templated":true}]}}