{"id":70373,"date":"2025-05-21T09:08:02","date_gmt":"2025-05-21T07:08:02","guid":{"rendered":"https:\/\/www.boesner.com\/kunstportal\/?p=70373"},"modified":"2025-05-21T10:58:18","modified_gmt":"2025-05-21T08:58:18","slug":"von-hand-gemacht","status":"publish","type":"post","link":"https:\/\/www.boesner.com\/kunstportal\/material-und-inspiration\/buchtipp\/von-hand-gemacht\/","title":{"rendered":"Von Hand gemacht"},"content":{"rendered":"","protected":false},"excerpt":{"rendered":"","protected":false},"author":9,"featured_media":70451,"comment_status":"open","ping_status":"closed","sticky":false,"template":"","format":"standard","meta":[],"categories":[289],"tags":[995,993,991,997],"class_list":["post-70373","post","type-post","status-publish","format-standard","has-post-thumbnail","hentry","category-buchtipp","tag-stift","tag-technik","tag-werkzeug","tag-zeichenwerkzeug"],"acf":[],"yoast_head":"<!-- This site is optimized with the Yoast SEO plugin v27.0 - https:\/\/yoast.com\/product\/yoast-seo-wordpress\/ -->\n<title>Von Hand gemacht - boesnerKunstportal<\/title>\n<meta name=\"description\" content=\"Zeichnen und Skizzieren ist Denken auf dem Papier. Die analoge Technik stimuliert Ihre Kreativit\u00e4t. Eine schier unendliche Auswahl an Stiften, Pinseln und Farben, Malgr\u00fcnden und Techniken stehen bereit, Ihre Ideen Gestalt annehmen zu lassen. Irgendwann haben Sie Ihre Lieblings-Werkzeuge gefunden. Trotzdem locken die Regale der K\u00fcnstlerm\u00e4rkte stets mit Neuem. Tilo Schneider bringt Struktur in die un\u00fcberschaubare Vielfalt.\" \/>\n<meta name=\"robots\" content=\"index, follow, max-snippet:-1, max-image-preview:large, max-video-preview:-1\" \/>\n<link rel=\"canonical\" href=\"https:\/\/www.boesner.com\/kunstportal\/material-und-inspiration\/buchtipp\/von-hand-gemacht\/\" \/>\n<meta property=\"og:locale\" content=\"de_DE\" \/>\n<meta property=\"og:type\" content=\"article\" \/>\n<meta property=\"og:title\" content=\"Von Hand gemacht - boesnerKunstportal\" \/>\n<meta property=\"og:description\" content=\"Zeichnen und Skizzieren ist Denken auf dem Papier. Die analoge Technik stimuliert Ihre Kreativit\u00e4t. Eine schier unendliche Auswahl an Stiften, Pinseln und Farben, Malgr\u00fcnden und Techniken stehen bereit, Ihre Ideen Gestalt annehmen zu lassen. Irgendwann haben Sie Ihre Lieblings-Werkzeuge gefunden. Trotzdem locken die Regale der K\u00fcnstlerm\u00e4rkte stets mit Neuem. Tilo Schneider bringt Struktur in die un\u00fcberschaubare Vielfalt.\" \/>\n<meta property=\"og:url\" content=\"https:\/\/www.boesner.com\/kunstportal\/material-und-inspiration\/buchtipp\/von-hand-gemacht\/\" \/>\n<meta property=\"og:site_name\" content=\"boesnerKunstportal\" \/>\n<meta property=\"article:publisher\" content=\"https:\/\/www.facebook.com\/boesner\" \/>\n<meta property=\"article:published_time\" content=\"2025-05-21T07:08:02+00:00\" \/>\n<meta property=\"article:modified_time\" content=\"2025-05-21T08:58:18+00:00\" \/>\n<meta property=\"og:image\" content=\"https:\/\/www.boesner.com\/kunstportal\/app\/uploads\/2025\/05\/von-hand-gemacht_cover.png\" \/>\n\t<meta property=\"og:image:width\" content=\"329\" \/>\n\t<meta property=\"og:image:height\" content=\"253\" \/>\n\t<meta property=\"og:image:type\" content=\"image\/png\" \/>\n<meta name=\"author\" content=\"kunstportal\" \/>\n<meta name=\"twitter:card\" content=\"summary_large_image\" \/>\n<meta name=\"twitter:creator\" content=\"@boesner\" \/>\n<meta name=\"twitter:site\" content=\"@boesner\" \/>\n<meta name=\"twitter:label1\" content=\"Verfasst von\" \/>\n\t<meta name=\"twitter:data1\" content=\"kunstportal\" \/>\n\t<meta name=\"twitter:label2\" content=\"Gesch\u00e4tzte Lesezeit\" \/>\n\t<meta name=\"twitter:data2\" content=\"1\u00a0Minute\" \/>\n<script type=\"application\/ld+json\" class=\"yoast-schema-graph\">{\"@context\":\"https:\/\/schema.org\",\"@graph\":[{\"@type\":\"Article\",\"@id\":\"https:\/\/www.boesner.com\/kunstportal\/material-und-inspiration\/buchtipp\/von-hand-gemacht\/#article\",\"isPartOf\":{\"@id\":\"https:\/\/www.boesner.com\/kunstportal\/material-und-inspiration\/buchtipp\/von-hand-gemacht\/\"},\"author\":{\"name\":\"kunstportal\",\"@id\":\"https:\/\/www.boesner.com\/kunstportal\/#\/schema\/person\/29c871eaa27dc90d61b05b61b3112a4f\"},\"headline\":\"Von Hand gemacht\",\"datePublished\":\"2025-05-21T07:08:02+00:00\",\"dateModified\":\"2025-05-21T08:58:18+00:00\",\"mainEntityOfPage\":{\"@id\":\"https:\/\/www.boesner.com\/kunstportal\/material-und-inspiration\/buchtipp\/von-hand-gemacht\/\"},\"wordCount\":3,\"commentCount\":0,\"image\":{\"@id\":\"https:\/\/www.boesner.com\/kunstportal\/material-und-inspiration\/buchtipp\/von-hand-gemacht\/#primaryimage\"},\"thumbnailUrl\":\"https:\/\/www.boesner.com\/kunstportal\/app\/uploads\/2025\/05\/von-hand-gemacht_cover.png\",\"keywords\":[\"Stift\",\"Technik\",\"Werkzeug\",\"Zeichenwerkzeug\"],\"articleSection\":[\"Buchtipp\"],\"inLanguage\":\"de\",\"potentialAction\":[{\"@type\":\"CommentAction\",\"name\":\"Comment\",\"target\":[\"https:\/\/www.boesner.com\/kunstportal\/material-und-inspiration\/buchtipp\/von-hand-gemacht\/#respond\"]}]},{\"@type\":\"WebPage\",\"@id\":\"https:\/\/www.boesner.com\/kunstportal\/material-und-inspiration\/buchtipp\/von-hand-gemacht\/\",\"url\":\"https:\/\/www.boesner.com\/kunstportal\/material-und-inspiration\/buchtipp\/von-hand-gemacht\/\",\"name\":\"Von Hand gemacht - boesnerKunstportal\",\"isPartOf\":{\"@id\":\"https:\/\/www.boesner.com\/kunstportal\/#website\"},\"primaryImageOfPage\":{\"@id\":\"https:\/\/www.boesner.com\/kunstportal\/material-und-inspiration\/buchtipp\/von-hand-gemacht\/#primaryimage\"},\"image\":{\"@id\":\"https:\/\/www.boesner.com\/kunstportal\/material-und-inspiration\/buchtipp\/von-hand-gemacht\/#primaryimage\"},\"thumbnailUrl\":\"https:\/\/www.boesner.com\/kunstportal\/app\/uploads\/2025\/05\/von-hand-gemacht_cover.png\",\"datePublished\":\"2025-05-21T07:08:02+00:00\",\"dateModified\":\"2025-05-21T08:58:18+00:00\",\"author\":{\"@id\":\"https:\/\/www.boesner.com\/kunstportal\/#\/schema\/person\/29c871eaa27dc90d61b05b61b3112a4f\"},\"description\":\"Zeichnen und Skizzieren ist Denken auf dem Papier. Die analoge Technik stimuliert Ihre Kreativit\u00e4t. Eine schier unendliche Auswahl an Stiften, Pinseln und Farben, Malgr\u00fcnden und Techniken stehen bereit, Ihre Ideen Gestalt annehmen zu lassen. Irgendwann haben Sie Ihre Lieblings-Werkzeuge gefunden. Trotzdem locken die Regale der K\u00fcnstlerm\u00e4rkte stets mit Neuem. Tilo Schneider bringt Struktur in die un\u00fcberschaubare Vielfalt.\",\"breadcrumb\":{\"@id\":\"https:\/\/www.boesner.com\/kunstportal\/material-und-inspiration\/buchtipp\/von-hand-gemacht\/#breadcrumb\"},\"inLanguage\":\"de\",\"potentialAction\":[{\"@type\":\"ReadAction\",\"target\":[\"https:\/\/www.boesner.com\/kunstportal\/material-und-inspiration\/buchtipp\/von-hand-gemacht\/\"]}]},{\"@type\":\"ImageObject\",\"inLanguage\":\"de\",\"@id\":\"https:\/\/www.boesner.com\/kunstportal\/material-und-inspiration\/buchtipp\/von-hand-gemacht\/#primaryimage\",\"url\":\"https:\/\/www.boesner.com\/kunstportal\/app\/uploads\/2025\/05\/von-hand-gemacht_cover.png\",\"contentUrl\":\"https:\/\/www.boesner.com\/kunstportal\/app\/uploads\/2025\/05\/von-hand-gemacht_cover.png\",\"width\":329,\"height\":253,\"caption\":\"Thilo Schneider - Von Hand gemacht\"},{\"@type\":\"BreadcrumbList\",\"@id\":\"https:\/\/www.boesner.com\/kunstportal\/material-und-inspiration\/buchtipp\/von-hand-gemacht\/#breadcrumb\",\"itemListElement\":[{\"@type\":\"ListItem\",\"position\":1,\"name\":\"Home\",\"item\":\"https:\/\/www.boesner.com\/kunstportal\/\"},{\"@type\":\"ListItem\",\"position\":2,\"name\":\"Von Hand gemacht\"}]},{\"@type\":\"WebSite\",\"@id\":\"https:\/\/www.boesner.com\/kunstportal\/#website\",\"url\":\"https:\/\/www.boesner.com\/kunstportal\/\",\"name\":\"boesnerKunstportal\",\"description\":\"\",\"potentialAction\":[{\"@type\":\"SearchAction\",\"target\":{\"@type\":\"EntryPoint\",\"urlTemplate\":\"https:\/\/www.boesner.com\/kunstportal\/?s={search_term_string}\"},\"query-input\":{\"@type\":\"PropertyValueSpecification\",\"valueRequired\":true,\"valueName\":\"search_term_string\"}}],\"inLanguage\":\"de\"},{\"@type\":\"Person\",\"@id\":\"https:\/\/www.boesner.com\/kunstportal\/#\/schema\/person\/29c871eaa27dc90d61b05b61b3112a4f\",\"name\":\"kunstportal\",\"image\":{\"@type\":\"ImageObject\",\"inLanguage\":\"de\",\"@id\":\"https:\/\/www.boesner.com\/kunstportal\/#\/schema\/person\/image\/\",\"url\":\"https:\/\/secure.gravatar.com\/avatar\/f4a40f1298cee68fdd0a0079d60a5f5d83550f6e145495ebd8aa4a4fecfbb6c7?s=96&d=mm&r=g\",\"contentUrl\":\"https:\/\/secure.gravatar.com\/avatar\/f4a40f1298cee68fdd0a0079d60a5f5d83550f6e145495ebd8aa4a4fecfbb6c7?s=96&d=mm&r=g\",\"caption\":\"kunstportal\"}}]}<\/script>\n<!-- \/ Yoast SEO plugin. -->","yoast_head_json":{"title":"Von Hand gemacht - boesnerKunstportal","description":"Zeichnen und Skizzieren ist Denken auf dem Papier. Die analoge Technik stimuliert Ihre Kreativit\u00e4t. Eine schier unendliche Auswahl an Stiften, Pinseln und Farben, Malgr\u00fcnden und Techniken stehen bereit, Ihre Ideen Gestalt annehmen zu lassen. Irgendwann haben Sie Ihre Lieblings-Werkzeuge gefunden. Trotzdem locken die Regale der K\u00fcnstlerm\u00e4rkte stets mit Neuem. Tilo Schneider bringt Struktur in die un\u00fcberschaubare Vielfalt.","robots":{"index":"index","follow":"follow","max-snippet":"max-snippet:-1","max-image-preview":"max-image-preview:large","max-video-preview":"max-video-preview:-1"},"canonical":"https:\/\/www.boesner.com\/kunstportal\/material-und-inspiration\/buchtipp\/von-hand-gemacht\/","og_locale":"de_DE","og_type":"article","og_title":"Von Hand gemacht - boesnerKunstportal","og_description":"Zeichnen und Skizzieren ist Denken auf dem Papier. Die analoge Technik stimuliert Ihre Kreativit\u00e4t. Eine schier unendliche Auswahl an Stiften, Pinseln und Farben, Malgr\u00fcnden und Techniken stehen bereit, Ihre Ideen Gestalt annehmen zu lassen. Irgendwann haben Sie Ihre Lieblings-Werkzeuge gefunden. Trotzdem locken die Regale der K\u00fcnstlerm\u00e4rkte stets mit Neuem. Tilo Schneider bringt Struktur in die un\u00fcberschaubare Vielfalt.","og_url":"https:\/\/www.boesner.com\/kunstportal\/material-und-inspiration\/buchtipp\/von-hand-gemacht\/","og_site_name":"boesnerKunstportal","article_publisher":"https:\/\/www.facebook.com\/boesner","article_published_time":"2025-05-21T07:08:02+00:00","article_modified_time":"2025-05-21T08:58:18+00:00","og_image":[{"url":"https:\/\/www.boesner.com\/kunstportal\/app\/uploads\/2025\/05\/von-hand-gemacht_cover.png","width":329,"height":253,"type":"image\/png"}],"author":"kunstportal","twitter_card":"summary_large_image","twitter_creator":"@boesner","twitter_site":"@boesner","twitter_misc":{"Verfasst von":"kunstportal","Gesch\u00e4tzte Lesezeit":"1\u00a0Minute"},"schema":{"@context":"https:\/\/schema.org","@graph":[{"@type":"Article","@id":"https:\/\/www.boesner.com\/kunstportal\/material-und-inspiration\/buchtipp\/von-hand-gemacht\/#article","isPartOf":{"@id":"https:\/\/www.boesner.com\/kunstportal\/material-und-inspiration\/buchtipp\/von-hand-gemacht\/"},"author":{"name":"kunstportal","@id":"https:\/\/www.boesner.com\/kunstportal\/#\/schema\/person\/29c871eaa27dc90d61b05b61b3112a4f"},"headline":"Von Hand gemacht","datePublished":"2025-05-21T07:08:02+00:00","dateModified":"2025-05-21T08:58:18+00:00","mainEntityOfPage":{"@id":"https:\/\/www.boesner.com\/kunstportal\/material-und-inspiration\/buchtipp\/von-hand-gemacht\/"},"wordCount":3,"commentCount":0,"image":{"@id":"https:\/\/www.boesner.com\/kunstportal\/material-und-inspiration\/buchtipp\/von-hand-gemacht\/#primaryimage"},"thumbnailUrl":"https:\/\/www.boesner.com\/kunstportal\/app\/uploads\/2025\/05\/von-hand-gemacht_cover.png","keywords":["Stift","Technik","Werkzeug","Zeichenwerkzeug"],"articleSection":["Buchtipp"],"inLanguage":"de","potentialAction":[{"@type":"CommentAction","name":"Comment","target":["https:\/\/www.boesner.com\/kunstportal\/material-und-inspiration\/buchtipp\/von-hand-gemacht\/#respond"]}]},{"@type":"WebPage","@id":"https:\/\/www.boesner.com\/kunstportal\/material-und-inspiration\/buchtipp\/von-hand-gemacht\/","url":"https:\/\/www.boesner.com\/kunstportal\/material-und-inspiration\/buchtipp\/von-hand-gemacht\/","name":"Von Hand gemacht - boesnerKunstportal","isPartOf":{"@id":"https:\/\/www.boesner.com\/kunstportal\/#website"},"primaryImageOfPage":{"@id":"https:\/\/www.boesner.com\/kunstportal\/material-und-inspiration\/buchtipp\/von-hand-gemacht\/#primaryimage"},"image":{"@id":"https:\/\/www.boesner.com\/kunstportal\/material-und-inspiration\/buchtipp\/von-hand-gemacht\/#primaryimage"},"thumbnailUrl":"https:\/\/www.boesner.com\/kunstportal\/app\/uploads\/2025\/05\/von-hand-gemacht_cover.png","datePublished":"2025-05-21T07:08:02+00:00","dateModified":"2025-05-21T08:58:18+00:00","author":{"@id":"https:\/\/www.boesner.com\/kunstportal\/#\/schema\/person\/29c871eaa27dc90d61b05b61b3112a4f"},"description":"Zeichnen und Skizzieren ist Denken auf dem Papier. Die analoge Technik stimuliert Ihre Kreativit\u00e4t. Eine schier unendliche Auswahl an Stiften, Pinseln und Farben, Malgr\u00fcnden und Techniken stehen bereit, Ihre Ideen Gestalt annehmen zu lassen. Irgendwann haben Sie Ihre Lieblings-Werkzeuge gefunden. Trotzdem locken die Regale der K\u00fcnstlerm\u00e4rkte stets mit Neuem. Tilo Schneider bringt Struktur in die un\u00fcberschaubare Vielfalt.","breadcrumb":{"@id":"https:\/\/www.boesner.com\/kunstportal\/material-und-inspiration\/buchtipp\/von-hand-gemacht\/#breadcrumb"},"inLanguage":"de","potentialAction":[{"@type":"ReadAction","target":["https:\/\/www.boesner.com\/kunstportal\/material-und-inspiration\/buchtipp\/von-hand-gemacht\/"]}]},{"@type":"ImageObject","inLanguage":"de","@id":"https:\/\/www.boesner.com\/kunstportal\/material-und-inspiration\/buchtipp\/von-hand-gemacht\/#primaryimage","url":"https:\/\/www.boesner.com\/kunstportal\/app\/uploads\/2025\/05\/von-hand-gemacht_cover.png","contentUrl":"https:\/\/www.boesner.com\/kunstportal\/app\/uploads\/2025\/05\/von-hand-gemacht_cover.png","width":329,"height":253,"caption":"Thilo Schneider - Von Hand gemacht"},{"@type":"BreadcrumbList","@id":"https:\/\/www.boesner.com\/kunstportal\/material-und-inspiration\/buchtipp\/von-hand-gemacht\/#breadcrumb","itemListElement":[{"@type":"ListItem","position":1,"name":"Home","item":"https:\/\/www.boesner.com\/kunstportal\/"},{"@type":"ListItem","position":2,"name":"Von Hand gemacht"}]},{"@type":"WebSite","@id":"https:\/\/www.boesner.com\/kunstportal\/#website","url":"https:\/\/www.boesner.com\/kunstportal\/","name":"boesnerKunstportal","description":"","potentialAction":[{"@type":"SearchAction","target":{"@type":"EntryPoint","urlTemplate":"https:\/\/www.boesner.com\/kunstportal\/?s={search_term_string}"},"query-input":{"@type":"PropertyValueSpecification","valueRequired":true,"valueName":"search_term_string"}}],"inLanguage":"de"},{"@type":"Person","@id":"https:\/\/www.boesner.com\/kunstportal\/#\/schema\/person\/29c871eaa27dc90d61b05b61b3112a4f","name":"kunstportal","image":{"@type":"ImageObject","inLanguage":"de","@id":"https:\/\/www.boesner.com\/kunstportal\/#\/schema\/person\/image\/","url":"https:\/\/secure.gravatar.com\/avatar\/f4a40f1298cee68fdd0a0079d60a5f5d83550f6e145495ebd8aa4a4fecfbb6c7?s=96&d=mm&r=g","contentUrl":"https:\/\/secure.gravatar.com\/avatar\/f4a40f1298cee68fdd0a0079d60a5f5d83550f6e145495ebd8aa4a4fecfbb6c7?s=96&d=mm&r=g","caption":"kunstportal"}}]}},"_links":{"self":[{"href":"https:\/\/www.boesner.com\/kunstportal\/wp-json\/wp\/v2\/posts\/70373","targetHints":{"allow":["GET"]}}],"collection":[{"href":"https:\/\/www.boesner.com\/kunstportal\/wp-json\/wp\/v2\/posts"}],"about":[{"href":"https:\/\/www.boesner.com\/kunstportal\/wp-json\/wp\/v2\/types\/post"}],"author":[{"embeddable":true,"href":"https:\/\/www.boesner.com\/kunstportal\/wp-json\/wp\/v2\/users\/9"}],"replies":[{"embeddable":true,"href":"https:\/\/www.boesner.com\/kunstportal\/wp-json\/wp\/v2\/comments?post=70373"}],"version-history":[{"count":9,"href":"https:\/\/www.boesner.com\/kunstportal\/wp-json\/wp\/v2\/posts\/70373\/revisions"}],"predecessor-version":[{"id":70465,"href":"https:\/\/www.boesner.com\/kunstportal\/wp-json\/wp\/v2\/posts\/70373\/revisions\/70465"}],"wp:featuredmedia":[{"embeddable":true,"href":"https:\/\/www.boesner.com\/kunstportal\/wp-json\/wp\/v2\/media\/70451"}],"wp:attachment":[{"href":"https:\/\/www.boesner.com\/kunstportal\/wp-json\/wp\/v2\/media?parent=70373"}],"wp:term":[{"taxonomy":"category","embeddable":true,"href":"https:\/\/www.boesner.com\/kunstportal\/wp-json\/wp\/v2\/categories?post=70373"},{"taxonomy":"post_tag","embeddable":true,"href":"https:\/\/www.boesner.com\/kunstportal\/wp-json\/wp\/v2\/tags?post=70373"}],"curies":[{"name":"wp","href":"https:\/\/api.w.org\/{rel}","templated":true}]}}