{"id":6719,"date":"2016-05-10T14:06:51","date_gmt":"2016-05-10T12:06:51","guid":{"rendered":"http:\/\/www.boesner.com\/kunstportal\/?p=6719"},"modified":"2017-10-26T08:22:57","modified_gmt":"2017-10-26T06:22:57","slug":"wagnis-form-tony-cragg","status":"publish","type":"post","link":"https:\/\/www.boesner.com\/kunstportal\/kunst-und-kuenstler\/interview\/wagnis-form-tony-cragg\/","title":{"rendered":"Wagnis Form <\/br> Ein Gespr\u00e4ch mit Tony Cragg"},"content":{"rendered":"","protected":false},"excerpt":{"rendered":"<p>Anl\u00e4sslich seiner gro\u00dfen Retrospektive in Wuppertal spricht der K\u00fcnstler \u00fcber das Abenteuer der Bildhauerei, die Elemente der Welt und die Vielfalt des Materials.<\/p>\n","protected":false},"author":9,"featured_media":0,"comment_status":"closed","ping_status":"closed","sticky":false,"template":"","format":"standard","meta":[],"categories":[2],"tags":[64,73,79],"class_list":["post-6719","post","type-post","status-publish","format-standard","hentry","category-interview","tag-ausstellung","tag-skulpturen","tag-tony-cragg"],"acf":[],"yoast_head":"<!-- This site is optimized with the Yoast SEO plugin v27.0 - https:\/\/yoast.com\/product\/yoast-seo-wordpress\/ -->\n<title>Wagnis Form  Ein Gespr\u00e4ch mit Tony Cragg - boesnerKunstportal<\/title>\n<meta name=\"robots\" content=\"index, follow, max-snippet:-1, max-image-preview:large, max-video-preview:-1\" \/>\n<link rel=\"canonical\" href=\"https:\/\/www.boesner.com\/kunstportal\/kunst-und-kuenstler\/interview\/wagnis-form-tony-cragg\/\" \/>\n<meta property=\"og:locale\" content=\"de_DE\" \/>\n<meta property=\"og:type\" content=\"article\" \/>\n<meta property=\"og:title\" content=\"Wagnis Form  Ein Gespr\u00e4ch mit Tony Cragg - boesnerKunstportal\" \/>\n<meta property=\"og:description\" content=\"Anl\u00e4sslich seiner gro\u00dfen Retrospektive in Wuppertal spricht der K\u00fcnstler \u00fcber das Abenteuer der Bildhauerei, die Elemente der Welt und die Vielfalt des Materials.\" \/>\n<meta property=\"og:url\" content=\"https:\/\/www.boesner.com\/kunstportal\/kunst-und-kuenstler\/interview\/wagnis-form-tony-cragg\/\" \/>\n<meta property=\"og:site_name\" content=\"boesnerKunstportal\" \/>\n<meta property=\"article:publisher\" content=\"https:\/\/www.facebook.com\/boesner\" \/>\n<meta property=\"article:published_time\" content=\"2016-05-10T12:06:51+00:00\" \/>\n<meta property=\"article:modified_time\" content=\"2017-10-26T06:22:57+00:00\" \/>\n<meta name=\"author\" content=\"kunstportal\" \/>\n<meta name=\"twitter:card\" content=\"summary_large_image\" \/>\n<meta name=\"twitter:creator\" content=\"@boesner\" \/>\n<meta name=\"twitter:site\" content=\"@boesner\" \/>\n<meta name=\"twitter:label1\" content=\"Verfasst von\" \/>\n\t<meta name=\"twitter:data1\" content=\"kunstportal\" \/>\n<script type=\"application\/ld+json\" class=\"yoast-schema-graph\">{\"@context\":\"https:\/\/schema.org\",\"@graph\":[{\"@type\":\"Article\",\"@id\":\"https:\/\/www.boesner.com\/kunstportal\/kunst-und-kuenstler\/interview\/wagnis-form-tony-cragg\/#article\",\"isPartOf\":{\"@id\":\"https:\/\/www.boesner.com\/kunstportal\/kunst-und-kuenstler\/interview\/wagnis-form-tony-cragg\/\"},\"author\":{\"name\":\"kunstportal\",\"@id\":\"https:\/\/www.boesner.com\/kunstportal\/#\/schema\/person\/29c871eaa27dc90d61b05b61b3112a4f\"},\"headline\":\"Wagnis Form Ein Gespr\u00e4ch mit Tony Cragg\",\"datePublished\":\"2016-05-10T12:06:51+00:00\",\"dateModified\":\"2017-10-26T06:22:57+00:00\",\"mainEntityOfPage\":{\"@id\":\"https:\/\/www.boesner.com\/kunstportal\/kunst-und-kuenstler\/interview\/wagnis-form-tony-cragg\/\"},\"wordCount\":8,\"keywords\":[\"Ausstellung\",\"Skulpturen\",\"Tony Cragg\"],\"articleSection\":[\"Interview\"],\"inLanguage\":\"de\"},{\"@type\":\"WebPage\",\"@id\":\"https:\/\/www.boesner.com\/kunstportal\/kunst-und-kuenstler\/interview\/wagnis-form-tony-cragg\/\",\"url\":\"https:\/\/www.boesner.com\/kunstportal\/kunst-und-kuenstler\/interview\/wagnis-form-tony-cragg\/\",\"name\":\"Wagnis Form Ein Gespr\u00e4ch mit Tony Cragg - boesnerKunstportal\",\"isPartOf\":{\"@id\":\"https:\/\/www.boesner.com\/kunstportal\/#website\"},\"datePublished\":\"2016-05-10T12:06:51+00:00\",\"dateModified\":\"2017-10-26T06:22:57+00:00\",\"author\":{\"@id\":\"https:\/\/www.boesner.com\/kunstportal\/#\/schema\/person\/29c871eaa27dc90d61b05b61b3112a4f\"},\"breadcrumb\":{\"@id\":\"https:\/\/www.boesner.com\/kunstportal\/kunst-und-kuenstler\/interview\/wagnis-form-tony-cragg\/#breadcrumb\"},\"inLanguage\":\"de\",\"potentialAction\":[{\"@type\":\"ReadAction\",\"target\":[\"https:\/\/www.boesner.com\/kunstportal\/kunst-und-kuenstler\/interview\/wagnis-form-tony-cragg\/\"]}]},{\"@type\":\"BreadcrumbList\",\"@id\":\"https:\/\/www.boesner.com\/kunstportal\/kunst-und-kuenstler\/interview\/wagnis-form-tony-cragg\/#breadcrumb\",\"itemListElement\":[{\"@type\":\"ListItem\",\"position\":1,\"name\":\"Home\",\"item\":\"https:\/\/www.boesner.com\/kunstportal\/\"},{\"@type\":\"ListItem\",\"position\":2,\"name\":\"Wagnis Form Ein Gespr\u00e4ch mit Tony Cragg\"}]},{\"@type\":\"WebSite\",\"@id\":\"https:\/\/www.boesner.com\/kunstportal\/#website\",\"url\":\"https:\/\/www.boesner.com\/kunstportal\/\",\"name\":\"boesnerKunstportal\",\"description\":\"\",\"potentialAction\":[{\"@type\":\"SearchAction\",\"target\":{\"@type\":\"EntryPoint\",\"urlTemplate\":\"https:\/\/www.boesner.com\/kunstportal\/?s={search_term_string}\"},\"query-input\":{\"@type\":\"PropertyValueSpecification\",\"valueRequired\":true,\"valueName\":\"search_term_string\"}}],\"inLanguage\":\"de\"},{\"@type\":\"Person\",\"@id\":\"https:\/\/www.boesner.com\/kunstportal\/#\/schema\/person\/29c871eaa27dc90d61b05b61b3112a4f\",\"name\":\"kunstportal\",\"image\":{\"@type\":\"ImageObject\",\"inLanguage\":\"de\",\"@id\":\"https:\/\/www.boesner.com\/kunstportal\/#\/schema\/person\/image\/\",\"url\":\"https:\/\/secure.gravatar.com\/avatar\/f4a40f1298cee68fdd0a0079d60a5f5d83550f6e145495ebd8aa4a4fecfbb6c7?s=96&d=mm&r=g\",\"contentUrl\":\"https:\/\/secure.gravatar.com\/avatar\/f4a40f1298cee68fdd0a0079d60a5f5d83550f6e145495ebd8aa4a4fecfbb6c7?s=96&d=mm&r=g\",\"caption\":\"kunstportal\"}}]}<\/script>\n<!-- \/ Yoast SEO plugin. -->","yoast_head_json":{"title":"Wagnis Form  Ein Gespr\u00e4ch mit Tony Cragg - boesnerKunstportal","robots":{"index":"index","follow":"follow","max-snippet":"max-snippet:-1","max-image-preview":"max-image-preview:large","max-video-preview":"max-video-preview:-1"},"canonical":"https:\/\/www.boesner.com\/kunstportal\/kunst-und-kuenstler\/interview\/wagnis-form-tony-cragg\/","og_locale":"de_DE","og_type":"article","og_title":"Wagnis Form  Ein Gespr\u00e4ch mit Tony Cragg - boesnerKunstportal","og_description":"Anl\u00e4sslich seiner gro\u00dfen Retrospektive in Wuppertal spricht der K\u00fcnstler \u00fcber das Abenteuer der Bildhauerei, die Elemente der Welt und die Vielfalt des Materials.","og_url":"https:\/\/www.boesner.com\/kunstportal\/kunst-und-kuenstler\/interview\/wagnis-form-tony-cragg\/","og_site_name":"boesnerKunstportal","article_publisher":"https:\/\/www.facebook.com\/boesner","article_published_time":"2016-05-10T12:06:51+00:00","article_modified_time":"2017-10-26T06:22:57+00:00","author":"kunstportal","twitter_card":"summary_large_image","twitter_creator":"@boesner","twitter_site":"@boesner","twitter_misc":{"Verfasst von":"kunstportal"},"schema":{"@context":"https:\/\/schema.org","@graph":[{"@type":"Article","@id":"https:\/\/www.boesner.com\/kunstportal\/kunst-und-kuenstler\/interview\/wagnis-form-tony-cragg\/#article","isPartOf":{"@id":"https:\/\/www.boesner.com\/kunstportal\/kunst-und-kuenstler\/interview\/wagnis-form-tony-cragg\/"},"author":{"name":"kunstportal","@id":"https:\/\/www.boesner.com\/kunstportal\/#\/schema\/person\/29c871eaa27dc90d61b05b61b3112a4f"},"headline":"Wagnis Form Ein Gespr\u00e4ch mit Tony Cragg","datePublished":"2016-05-10T12:06:51+00:00","dateModified":"2017-10-26T06:22:57+00:00","mainEntityOfPage":{"@id":"https:\/\/www.boesner.com\/kunstportal\/kunst-und-kuenstler\/interview\/wagnis-form-tony-cragg\/"},"wordCount":8,"keywords":["Ausstellung","Skulpturen","Tony Cragg"],"articleSection":["Interview"],"inLanguage":"de"},{"@type":"WebPage","@id":"https:\/\/www.boesner.com\/kunstportal\/kunst-und-kuenstler\/interview\/wagnis-form-tony-cragg\/","url":"https:\/\/www.boesner.com\/kunstportal\/kunst-und-kuenstler\/interview\/wagnis-form-tony-cragg\/","name":"Wagnis Form Ein Gespr\u00e4ch mit Tony Cragg - boesnerKunstportal","isPartOf":{"@id":"https:\/\/www.boesner.com\/kunstportal\/#website"},"datePublished":"2016-05-10T12:06:51+00:00","dateModified":"2017-10-26T06:22:57+00:00","author":{"@id":"https:\/\/www.boesner.com\/kunstportal\/#\/schema\/person\/29c871eaa27dc90d61b05b61b3112a4f"},"breadcrumb":{"@id":"https:\/\/www.boesner.com\/kunstportal\/kunst-und-kuenstler\/interview\/wagnis-form-tony-cragg\/#breadcrumb"},"inLanguage":"de","potentialAction":[{"@type":"ReadAction","target":["https:\/\/www.boesner.com\/kunstportal\/kunst-und-kuenstler\/interview\/wagnis-form-tony-cragg\/"]}]},{"@type":"BreadcrumbList","@id":"https:\/\/www.boesner.com\/kunstportal\/kunst-und-kuenstler\/interview\/wagnis-form-tony-cragg\/#breadcrumb","itemListElement":[{"@type":"ListItem","position":1,"name":"Home","item":"https:\/\/www.boesner.com\/kunstportal\/"},{"@type":"ListItem","position":2,"name":"Wagnis Form Ein Gespr\u00e4ch mit Tony Cragg"}]},{"@type":"WebSite","@id":"https:\/\/www.boesner.com\/kunstportal\/#website","url":"https:\/\/www.boesner.com\/kunstportal\/","name":"boesnerKunstportal","description":"","potentialAction":[{"@type":"SearchAction","target":{"@type":"EntryPoint","urlTemplate":"https:\/\/www.boesner.com\/kunstportal\/?s={search_term_string}"},"query-input":{"@type":"PropertyValueSpecification","valueRequired":true,"valueName":"search_term_string"}}],"inLanguage":"de"},{"@type":"Person","@id":"https:\/\/www.boesner.com\/kunstportal\/#\/schema\/person\/29c871eaa27dc90d61b05b61b3112a4f","name":"kunstportal","image":{"@type":"ImageObject","inLanguage":"de","@id":"https:\/\/www.boesner.com\/kunstportal\/#\/schema\/person\/image\/","url":"https:\/\/secure.gravatar.com\/avatar\/f4a40f1298cee68fdd0a0079d60a5f5d83550f6e145495ebd8aa4a4fecfbb6c7?s=96&d=mm&r=g","contentUrl":"https:\/\/secure.gravatar.com\/avatar\/f4a40f1298cee68fdd0a0079d60a5f5d83550f6e145495ebd8aa4a4fecfbb6c7?s=96&d=mm&r=g","caption":"kunstportal"}}]}},"_links":{"self":[{"href":"https:\/\/www.boesner.com\/kunstportal\/wp-json\/wp\/v2\/posts\/6719","targetHints":{"allow":["GET"]}}],"collection":[{"href":"https:\/\/www.boesner.com\/kunstportal\/wp-json\/wp\/v2\/posts"}],"about":[{"href":"https:\/\/www.boesner.com\/kunstportal\/wp-json\/wp\/v2\/types\/post"}],"author":[{"embeddable":true,"href":"https:\/\/www.boesner.com\/kunstportal\/wp-json\/wp\/v2\/users\/9"}],"replies":[{"embeddable":true,"href":"https:\/\/www.boesner.com\/kunstportal\/wp-json\/wp\/v2\/comments?post=6719"}],"version-history":[{"count":7,"href":"https:\/\/www.boesner.com\/kunstportal\/wp-json\/wp\/v2\/posts\/6719\/revisions"}],"predecessor-version":[{"id":31387,"href":"https:\/\/www.boesner.com\/kunstportal\/wp-json\/wp\/v2\/posts\/6719\/revisions\/31387"}],"wp:attachment":[{"href":"https:\/\/www.boesner.com\/kunstportal\/wp-json\/wp\/v2\/media?parent=6719"}],"wp:term":[{"taxonomy":"category","embeddable":true,"href":"https:\/\/www.boesner.com\/kunstportal\/wp-json\/wp\/v2\/categories?post=6719"},{"taxonomy":"post_tag","embeddable":true,"href":"https:\/\/www.boesner.com\/kunstportal\/wp-json\/wp\/v2\/tags?post=6719"}],"curies":[{"name":"wp","href":"https:\/\/api.w.org\/{rel}","templated":true}]}}