{"id":61005,"date":"2023-09-11T12:23:51","date_gmt":"2023-09-11T10:23:51","guid":{"rendered":"https:\/\/www.boesner.com\/kunstportal\/?p=61005"},"modified":"2023-12-29T09:34:24","modified_gmt":"2023-12-29T08:34:24","slug":"cholud-kassem","status":"publish","type":"post","link":"https:\/\/www.boesner.com\/kunstportal\/kunst-und-kuenstler\/portraet\/cholud-kassem\/","title":{"rendered":"Im Schutz des Rituals"},"content":{"rendered":"","protected":false},"excerpt":{"rendered":"<p>Die K\u00fcnstlerin Cholud Kassem aus Heidelberg<\/p>\n","protected":false},"author":9,"featured_media":61027,"comment_status":"open","ping_status":"closed","sticky":false,"template":"","format":"standard","meta":[],"categories":[4],"tags":[],"class_list":["post-61005","post","type-post","status-publish","format-standard","has-post-thumbnail","hentry","category-portraet"],"acf":[],"yoast_head":"<!-- This site is optimized with the Yoast SEO plugin v27.0 - https:\/\/yoast.com\/product\/yoast-seo-wordpress\/ -->\n<title>Im Schutz des Rituals - boesnerKunstportal<\/title>\n<meta name=\"description\" content=\"Die K\u00fcnstlerin Cholud Kassem f\u00fchrt die Kunst in gewisser Weise auf ihre urspr\u00fcngliche, kultische Bestimmung zur\u00fcck.\" \/>\n<meta name=\"robots\" content=\"index, follow, max-snippet:-1, max-image-preview:large, max-video-preview:-1\" \/>\n<link rel=\"canonical\" href=\"https:\/\/www.boesner.com\/kunstportal\/kunst-und-kuenstler\/portraet\/cholud-kassem\/\" \/>\n<meta property=\"og:locale\" content=\"de_DE\" \/>\n<meta property=\"og:type\" content=\"article\" \/>\n<meta property=\"og:title\" content=\"Im Schutz des Rituals - boesnerKunstportal\" \/>\n<meta property=\"og:description\" content=\"Die K\u00fcnstlerin Cholud Kassem f\u00fchrt die Kunst in gewisser Weise auf ihre urspr\u00fcngliche, kultische Bestimmung zur\u00fcck.\" \/>\n<meta property=\"og:url\" content=\"https:\/\/www.boesner.com\/kunstportal\/kunst-und-kuenstler\/portraet\/cholud-kassem\/\" \/>\n<meta property=\"og:site_name\" content=\"boesnerKunstportal\" \/>\n<meta property=\"article:publisher\" content=\"https:\/\/www.facebook.com\/boesner\" \/>\n<meta property=\"article:published_time\" content=\"2023-09-11T10:23:51+00:00\" \/>\n<meta property=\"article:modified_time\" content=\"2023-12-29T08:34:24+00:00\" \/>\n<meta property=\"og:image\" content=\"https:\/\/www.boesner.com\/kunstportal\/app\/uploads\/2023\/09\/Abb.-6-Atelier-1200x630.jpg\" \/>\n\t<meta property=\"og:image:width\" content=\"1200\" \/>\n\t<meta property=\"og:image:height\" content=\"630\" \/>\n\t<meta property=\"og:image:type\" content=\"image\/jpeg\" \/>\n<meta name=\"author\" content=\"kunstportal\" \/>\n<meta name=\"twitter:card\" content=\"summary_large_image\" \/>\n<meta name=\"twitter:creator\" content=\"@boesner\" \/>\n<meta name=\"twitter:site\" content=\"@boesner\" \/>\n<meta name=\"twitter:label1\" content=\"Verfasst von\" \/>\n\t<meta name=\"twitter:data1\" content=\"kunstportal\" \/>\n<script type=\"application\/ld+json\" class=\"yoast-schema-graph\">{\"@context\":\"https:\/\/schema.org\",\"@graph\":[{\"@type\":\"Article\",\"@id\":\"https:\/\/www.boesner.com\/kunstportal\/kunst-und-kuenstler\/portraet\/cholud-kassem\/#article\",\"isPartOf\":{\"@id\":\"https:\/\/www.boesner.com\/kunstportal\/kunst-und-kuenstler\/portraet\/cholud-kassem\/\"},\"author\":{\"name\":\"kunstportal\",\"@id\":\"https:\/\/www.boesner.com\/kunstportal\/#\/schema\/person\/29c871eaa27dc90d61b05b61b3112a4f\"},\"headline\":\"Im Schutz des Rituals\",\"datePublished\":\"2023-09-11T10:23:51+00:00\",\"dateModified\":\"2023-12-29T08:34:24+00:00\",\"mainEntityOfPage\":{\"@id\":\"https:\/\/www.boesner.com\/kunstportal\/kunst-und-kuenstler\/portraet\/cholud-kassem\/\"},\"wordCount\":4,\"commentCount\":1,\"image\":{\"@id\":\"https:\/\/www.boesner.com\/kunstportal\/kunst-und-kuenstler\/portraet\/cholud-kassem\/#primaryimage\"},\"thumbnailUrl\":\"https:\/\/www.boesner.com\/kunstportal\/app\/uploads\/2023\/09\/Abb.-6-Atelier-scaled.jpg\",\"articleSection\":[\"Portr\u00e4t\"],\"inLanguage\":\"de\",\"potentialAction\":[{\"@type\":\"CommentAction\",\"name\":\"Comment\",\"target\":[\"https:\/\/www.boesner.com\/kunstportal\/kunst-und-kuenstler\/portraet\/cholud-kassem\/#respond\"]}]},{\"@type\":\"WebPage\",\"@id\":\"https:\/\/www.boesner.com\/kunstportal\/kunst-und-kuenstler\/portraet\/cholud-kassem\/\",\"url\":\"https:\/\/www.boesner.com\/kunstportal\/kunst-und-kuenstler\/portraet\/cholud-kassem\/\",\"name\":\"Im Schutz des Rituals - boesnerKunstportal\",\"isPartOf\":{\"@id\":\"https:\/\/www.boesner.com\/kunstportal\/#website\"},\"primaryImageOfPage\":{\"@id\":\"https:\/\/www.boesner.com\/kunstportal\/kunst-und-kuenstler\/portraet\/cholud-kassem\/#primaryimage\"},\"image\":{\"@id\":\"https:\/\/www.boesner.com\/kunstportal\/kunst-und-kuenstler\/portraet\/cholud-kassem\/#primaryimage\"},\"thumbnailUrl\":\"https:\/\/www.boesner.com\/kunstportal\/app\/uploads\/2023\/09\/Abb.-6-Atelier-scaled.jpg\",\"datePublished\":\"2023-09-11T10:23:51+00:00\",\"dateModified\":\"2023-12-29T08:34:24+00:00\",\"author\":{\"@id\":\"https:\/\/www.boesner.com\/kunstportal\/#\/schema\/person\/29c871eaa27dc90d61b05b61b3112a4f\"},\"description\":\"Die K\u00fcnstlerin Cholud Kassem f\u00fchrt die Kunst in gewisser Weise auf ihre urspr\u00fcngliche, kultische Bestimmung zur\u00fcck.\",\"breadcrumb\":{\"@id\":\"https:\/\/www.boesner.com\/kunstportal\/kunst-und-kuenstler\/portraet\/cholud-kassem\/#breadcrumb\"},\"inLanguage\":\"de\",\"potentialAction\":[{\"@type\":\"ReadAction\",\"target\":[\"https:\/\/www.boesner.com\/kunstportal\/kunst-und-kuenstler\/portraet\/cholud-kassem\/\"]}]},{\"@type\":\"ImageObject\",\"inLanguage\":\"de\",\"@id\":\"https:\/\/www.boesner.com\/kunstportal\/kunst-und-kuenstler\/portraet\/cholud-kassem\/#primaryimage\",\"url\":\"https:\/\/www.boesner.com\/kunstportal\/app\/uploads\/2023\/09\/Abb.-6-Atelier-scaled.jpg\",\"contentUrl\":\"https:\/\/www.boesner.com\/kunstportal\/app\/uploads\/2023\/09\/Abb.-6-Atelier-scaled.jpg\",\"width\":2560,\"height\":1462,\"caption\":\"Atelier, Blick in Cholud Kassems Atelier in Heidelberg-Kirchheim, VG Bild-Kunst, Bonn 2023\/ Cholud Kassem, Foto: Cholud Kassem\"},{\"@type\":\"BreadcrumbList\",\"@id\":\"https:\/\/www.boesner.com\/kunstportal\/kunst-und-kuenstler\/portraet\/cholud-kassem\/#breadcrumb\",\"itemListElement\":[{\"@type\":\"ListItem\",\"position\":1,\"name\":\"Home\",\"item\":\"https:\/\/www.boesner.com\/kunstportal\/\"},{\"@type\":\"ListItem\",\"position\":2,\"name\":\"Im Schutz des Rituals\"}]},{\"@type\":\"WebSite\",\"@id\":\"https:\/\/www.boesner.com\/kunstportal\/#website\",\"url\":\"https:\/\/www.boesner.com\/kunstportal\/\",\"name\":\"boesnerKunstportal\",\"description\":\"\",\"potentialAction\":[{\"@type\":\"SearchAction\",\"target\":{\"@type\":\"EntryPoint\",\"urlTemplate\":\"https:\/\/www.boesner.com\/kunstportal\/?s={search_term_string}\"},\"query-input\":{\"@type\":\"PropertyValueSpecification\",\"valueRequired\":true,\"valueName\":\"search_term_string\"}}],\"inLanguage\":\"de\"},{\"@type\":\"Person\",\"@id\":\"https:\/\/www.boesner.com\/kunstportal\/#\/schema\/person\/29c871eaa27dc90d61b05b61b3112a4f\",\"name\":\"kunstportal\",\"image\":{\"@type\":\"ImageObject\",\"inLanguage\":\"de\",\"@id\":\"https:\/\/www.boesner.com\/kunstportal\/#\/schema\/person\/image\/\",\"url\":\"https:\/\/secure.gravatar.com\/avatar\/f4a40f1298cee68fdd0a0079d60a5f5d83550f6e145495ebd8aa4a4fecfbb6c7?s=96&d=mm&r=g\",\"contentUrl\":\"https:\/\/secure.gravatar.com\/avatar\/f4a40f1298cee68fdd0a0079d60a5f5d83550f6e145495ebd8aa4a4fecfbb6c7?s=96&d=mm&r=g\",\"caption\":\"kunstportal\"}}]}<\/script>\n<!-- \/ Yoast SEO plugin. -->","yoast_head_json":{"title":"Im Schutz des Rituals - boesnerKunstportal","description":"Die K\u00fcnstlerin Cholud Kassem f\u00fchrt die Kunst in gewisser Weise auf ihre urspr\u00fcngliche, kultische Bestimmung zur\u00fcck.","robots":{"index":"index","follow":"follow","max-snippet":"max-snippet:-1","max-image-preview":"max-image-preview:large","max-video-preview":"max-video-preview:-1"},"canonical":"https:\/\/www.boesner.com\/kunstportal\/kunst-und-kuenstler\/portraet\/cholud-kassem\/","og_locale":"de_DE","og_type":"article","og_title":"Im Schutz des Rituals - boesnerKunstportal","og_description":"Die K\u00fcnstlerin Cholud Kassem f\u00fchrt die Kunst in gewisser Weise auf ihre urspr\u00fcngliche, kultische Bestimmung zur\u00fcck.","og_url":"https:\/\/www.boesner.com\/kunstportal\/kunst-und-kuenstler\/portraet\/cholud-kassem\/","og_site_name":"boesnerKunstportal","article_publisher":"https:\/\/www.facebook.com\/boesner","article_published_time":"2023-09-11T10:23:51+00:00","article_modified_time":"2023-12-29T08:34:24+00:00","og_image":[{"width":1200,"height":630,"url":"https:\/\/www.boesner.com\/kunstportal\/app\/uploads\/2023\/09\/Abb.-6-Atelier-1200x630.jpg","type":"image\/jpeg"}],"author":"kunstportal","twitter_card":"summary_large_image","twitter_creator":"@boesner","twitter_site":"@boesner","twitter_misc":{"Verfasst von":"kunstportal"},"schema":{"@context":"https:\/\/schema.org","@graph":[{"@type":"Article","@id":"https:\/\/www.boesner.com\/kunstportal\/kunst-und-kuenstler\/portraet\/cholud-kassem\/#article","isPartOf":{"@id":"https:\/\/www.boesner.com\/kunstportal\/kunst-und-kuenstler\/portraet\/cholud-kassem\/"},"author":{"name":"kunstportal","@id":"https:\/\/www.boesner.com\/kunstportal\/#\/schema\/person\/29c871eaa27dc90d61b05b61b3112a4f"},"headline":"Im Schutz des Rituals","datePublished":"2023-09-11T10:23:51+00:00","dateModified":"2023-12-29T08:34:24+00:00","mainEntityOfPage":{"@id":"https:\/\/www.boesner.com\/kunstportal\/kunst-und-kuenstler\/portraet\/cholud-kassem\/"},"wordCount":4,"commentCount":1,"image":{"@id":"https:\/\/www.boesner.com\/kunstportal\/kunst-und-kuenstler\/portraet\/cholud-kassem\/#primaryimage"},"thumbnailUrl":"https:\/\/www.boesner.com\/kunstportal\/app\/uploads\/2023\/09\/Abb.-6-Atelier-scaled.jpg","articleSection":["Portr\u00e4t"],"inLanguage":"de","potentialAction":[{"@type":"CommentAction","name":"Comment","target":["https:\/\/www.boesner.com\/kunstportal\/kunst-und-kuenstler\/portraet\/cholud-kassem\/#respond"]}]},{"@type":"WebPage","@id":"https:\/\/www.boesner.com\/kunstportal\/kunst-und-kuenstler\/portraet\/cholud-kassem\/","url":"https:\/\/www.boesner.com\/kunstportal\/kunst-und-kuenstler\/portraet\/cholud-kassem\/","name":"Im Schutz des Rituals - boesnerKunstportal","isPartOf":{"@id":"https:\/\/www.boesner.com\/kunstportal\/#website"},"primaryImageOfPage":{"@id":"https:\/\/www.boesner.com\/kunstportal\/kunst-und-kuenstler\/portraet\/cholud-kassem\/#primaryimage"},"image":{"@id":"https:\/\/www.boesner.com\/kunstportal\/kunst-und-kuenstler\/portraet\/cholud-kassem\/#primaryimage"},"thumbnailUrl":"https:\/\/www.boesner.com\/kunstportal\/app\/uploads\/2023\/09\/Abb.-6-Atelier-scaled.jpg","datePublished":"2023-09-11T10:23:51+00:00","dateModified":"2023-12-29T08:34:24+00:00","author":{"@id":"https:\/\/www.boesner.com\/kunstportal\/#\/schema\/person\/29c871eaa27dc90d61b05b61b3112a4f"},"description":"Die K\u00fcnstlerin Cholud Kassem f\u00fchrt die Kunst in gewisser Weise auf ihre urspr\u00fcngliche, kultische Bestimmung zur\u00fcck.","breadcrumb":{"@id":"https:\/\/www.boesner.com\/kunstportal\/kunst-und-kuenstler\/portraet\/cholud-kassem\/#breadcrumb"},"inLanguage":"de","potentialAction":[{"@type":"ReadAction","target":["https:\/\/www.boesner.com\/kunstportal\/kunst-und-kuenstler\/portraet\/cholud-kassem\/"]}]},{"@type":"ImageObject","inLanguage":"de","@id":"https:\/\/www.boesner.com\/kunstportal\/kunst-und-kuenstler\/portraet\/cholud-kassem\/#primaryimage","url":"https:\/\/www.boesner.com\/kunstportal\/app\/uploads\/2023\/09\/Abb.-6-Atelier-scaled.jpg","contentUrl":"https:\/\/www.boesner.com\/kunstportal\/app\/uploads\/2023\/09\/Abb.-6-Atelier-scaled.jpg","width":2560,"height":1462,"caption":"Atelier, Blick in Cholud Kassems Atelier in Heidelberg-Kirchheim, VG Bild-Kunst, Bonn 2023\/ Cholud Kassem, Foto: Cholud Kassem"},{"@type":"BreadcrumbList","@id":"https:\/\/www.boesner.com\/kunstportal\/kunst-und-kuenstler\/portraet\/cholud-kassem\/#breadcrumb","itemListElement":[{"@type":"ListItem","position":1,"name":"Home","item":"https:\/\/www.boesner.com\/kunstportal\/"},{"@type":"ListItem","position":2,"name":"Im Schutz des Rituals"}]},{"@type":"WebSite","@id":"https:\/\/www.boesner.com\/kunstportal\/#website","url":"https:\/\/www.boesner.com\/kunstportal\/","name":"boesnerKunstportal","description":"","potentialAction":[{"@type":"SearchAction","target":{"@type":"EntryPoint","urlTemplate":"https:\/\/www.boesner.com\/kunstportal\/?s={search_term_string}"},"query-input":{"@type":"PropertyValueSpecification","valueRequired":true,"valueName":"search_term_string"}}],"inLanguage":"de"},{"@type":"Person","@id":"https:\/\/www.boesner.com\/kunstportal\/#\/schema\/person\/29c871eaa27dc90d61b05b61b3112a4f","name":"kunstportal","image":{"@type":"ImageObject","inLanguage":"de","@id":"https:\/\/www.boesner.com\/kunstportal\/#\/schema\/person\/image\/","url":"https:\/\/secure.gravatar.com\/avatar\/f4a40f1298cee68fdd0a0079d60a5f5d83550f6e145495ebd8aa4a4fecfbb6c7?s=96&d=mm&r=g","contentUrl":"https:\/\/secure.gravatar.com\/avatar\/f4a40f1298cee68fdd0a0079d60a5f5d83550f6e145495ebd8aa4a4fecfbb6c7?s=96&d=mm&r=g","caption":"kunstportal"}}]}},"_links":{"self":[{"href":"https:\/\/www.boesner.com\/kunstportal\/wp-json\/wp\/v2\/posts\/61005","targetHints":{"allow":["GET"]}}],"collection":[{"href":"https:\/\/www.boesner.com\/kunstportal\/wp-json\/wp\/v2\/posts"}],"about":[{"href":"https:\/\/www.boesner.com\/kunstportal\/wp-json\/wp\/v2\/types\/post"}],"author":[{"embeddable":true,"href":"https:\/\/www.boesner.com\/kunstportal\/wp-json\/wp\/v2\/users\/9"}],"replies":[{"embeddable":true,"href":"https:\/\/www.boesner.com\/kunstportal\/wp-json\/wp\/v2\/comments?post=61005"}],"version-history":[{"count":8,"href":"https:\/\/www.boesner.com\/kunstportal\/wp-json\/wp\/v2\/posts\/61005\/revisions"}],"predecessor-version":[{"id":63567,"href":"https:\/\/www.boesner.com\/kunstportal\/wp-json\/wp\/v2\/posts\/61005\/revisions\/63567"}],"wp:featuredmedia":[{"embeddable":true,"href":"https:\/\/www.boesner.com\/kunstportal\/wp-json\/wp\/v2\/media\/61027"}],"wp:attachment":[{"href":"https:\/\/www.boesner.com\/kunstportal\/wp-json\/wp\/v2\/media?parent=61005"}],"wp:term":[{"taxonomy":"category","embeddable":true,"href":"https:\/\/www.boesner.com\/kunstportal\/wp-json\/wp\/v2\/categories?post=61005"},{"taxonomy":"post_tag","embeddable":true,"href":"https:\/\/www.boesner.com\/kunstportal\/wp-json\/wp\/v2\/tags?post=61005"}],"curies":[{"name":"wp","href":"https:\/\/api.w.org\/{rel}","templated":true}]}}