{"id":56385,"date":"2022-12-16T08:57:55","date_gmt":"2022-12-16T07:57:55","guid":{"rendered":"https:\/\/www.boesner.com\/kunstportal\/?p=56385"},"modified":"2022-12-20T06:53:18","modified_gmt":"2022-12-20T05:53:18","slug":"simone-lucas","status":"publish","type":"post","link":"https:\/\/www.boesner.com\/kunstportal\/kunst-und-kuenstler\/portraet\/simone-lucas\/","title":{"rendered":"In der Gegenwart, <br> aus der Zeit gefallen"},"content":{"rendered":"","protected":false},"excerpt":{"rendered":"","protected":false},"author":19,"featured_media":56399,"comment_status":"open","ping_status":"closed","sticky":false,"template":"","format":"standard","meta":[],"categories":[4],"tags":[675],"class_list":["post-56385","post","type-post","status-publish","format-standard","has-post-thumbnail","hentry","category-portraet","tag-simone-lucas"],"acf":[],"yoast_head":"<!-- This site is optimized with the Yoast SEO plugin v27.0 - https:\/\/yoast.com\/product\/yoast-seo-wordpress\/ -->\n<title>In der Gegenwart,  aus der Zeit gefallen - boesnerKunstportal<\/title>\n<meta name=\"description\" content=\"K\u00fcnstlerin Simone Lucas lebt und arbeitet in Neuss. Sie hat an der Kunstakademie D\u00fcsseldorf studiert und als Meistersch\u00fclerin abgeschlossen\" \/>\n<meta name=\"robots\" content=\"index, follow, max-snippet:-1, max-image-preview:large, max-video-preview:-1\" \/>\n<link rel=\"canonical\" href=\"https:\/\/www.boesner.com\/kunstportal\/kunst-und-kuenstler\/portraet\/simone-lucas\/\" \/>\n<meta property=\"og:locale\" content=\"de_DE\" \/>\n<meta property=\"og:type\" content=\"article\" \/>\n<meta property=\"og:title\" content=\"In der Gegenwart,  aus der Zeit gefallen - boesnerKunstportal\" \/>\n<meta property=\"og:description\" content=\"K\u00fcnstlerin Simone Lucas lebt und arbeitet in Neuss. Sie hat an der Kunstakademie D\u00fcsseldorf studiert und als Meistersch\u00fclerin abgeschlossen\" \/>\n<meta property=\"og:url\" content=\"https:\/\/www.boesner.com\/kunstportal\/kunst-und-kuenstler\/portraet\/simone-lucas\/\" \/>\n<meta property=\"og:site_name\" content=\"boesnerKunstportal\" \/>\n<meta property=\"article:publisher\" content=\"https:\/\/www.facebook.com\/boesner\" \/>\n<meta property=\"article:published_time\" content=\"2022-12-16T07:57:55+00:00\" \/>\n<meta property=\"article:modified_time\" content=\"2022-12-20T05:53:18+00:00\" \/>\n<meta property=\"og:image\" content=\"https:\/\/www.boesner.com\/kunstportal\/app\/uploads\/2022\/12\/Headerbild-Simone-Lucas-Leben.jpg\" \/>\n\t<meta property=\"og:image:width\" content=\"897\" \/>\n\t<meta property=\"og:image:height\" content=\"505\" \/>\n\t<meta property=\"og:image:type\" content=\"image\/jpeg\" \/>\n<meta name=\"author\" content=\"Mengdi Chen\" \/>\n<meta name=\"twitter:card\" content=\"summary_large_image\" \/>\n<meta name=\"twitter:creator\" content=\"@boesner\" \/>\n<meta name=\"twitter:site\" content=\"@boesner\" \/>\n<meta name=\"twitter:label1\" content=\"Verfasst von\" \/>\n\t<meta name=\"twitter:data1\" content=\"Mengdi Chen\" \/>\n<script type=\"application\/ld+json\" class=\"yoast-schema-graph\">{\"@context\":\"https:\/\/schema.org\",\"@graph\":[{\"@type\":\"Article\",\"@id\":\"https:\/\/www.boesner.com\/kunstportal\/kunst-und-kuenstler\/portraet\/simone-lucas\/#article\",\"isPartOf\":{\"@id\":\"https:\/\/www.boesner.com\/kunstportal\/kunst-und-kuenstler\/portraet\/simone-lucas\/\"},\"author\":{\"name\":\"Mengdi Chen\",\"@id\":\"https:\/\/www.boesner.com\/kunstportal\/#\/schema\/person\/aedc3818edf757b5567987ded16d8c6e\"},\"headline\":\"In der Gegenwart, aus der Zeit gefallen\",\"datePublished\":\"2022-12-16T07:57:55+00:00\",\"dateModified\":\"2022-12-20T05:53:18+00:00\",\"mainEntityOfPage\":{\"@id\":\"https:\/\/www.boesner.com\/kunstportal\/kunst-und-kuenstler\/portraet\/simone-lucas\/\"},\"wordCount\":7,\"commentCount\":0,\"image\":{\"@id\":\"https:\/\/www.boesner.com\/kunstportal\/kunst-und-kuenstler\/portraet\/simone-lucas\/#primaryimage\"},\"thumbnailUrl\":\"https:\/\/www.boesner.com\/kunstportal\/app\/uploads\/2022\/12\/Headerbild-Simone-Lucas-Leben.jpg\",\"keywords\":[\"simone lucas\"],\"articleSection\":[\"Portr\u00e4t\"],\"inLanguage\":\"de\",\"potentialAction\":[{\"@type\":\"CommentAction\",\"name\":\"Comment\",\"target\":[\"https:\/\/www.boesner.com\/kunstportal\/kunst-und-kuenstler\/portraet\/simone-lucas\/#respond\"]}]},{\"@type\":\"WebPage\",\"@id\":\"https:\/\/www.boesner.com\/kunstportal\/kunst-und-kuenstler\/portraet\/simone-lucas\/\",\"url\":\"https:\/\/www.boesner.com\/kunstportal\/kunst-und-kuenstler\/portraet\/simone-lucas\/\",\"name\":\"In der Gegenwart, aus der Zeit gefallen - boesnerKunstportal\",\"isPartOf\":{\"@id\":\"https:\/\/www.boesner.com\/kunstportal\/#website\"},\"primaryImageOfPage\":{\"@id\":\"https:\/\/www.boesner.com\/kunstportal\/kunst-und-kuenstler\/portraet\/simone-lucas\/#primaryimage\"},\"image\":{\"@id\":\"https:\/\/www.boesner.com\/kunstportal\/kunst-und-kuenstler\/portraet\/simone-lucas\/#primaryimage\"},\"thumbnailUrl\":\"https:\/\/www.boesner.com\/kunstportal\/app\/uploads\/2022\/12\/Headerbild-Simone-Lucas-Leben.jpg\",\"datePublished\":\"2022-12-16T07:57:55+00:00\",\"dateModified\":\"2022-12-20T05:53:18+00:00\",\"author\":{\"@id\":\"https:\/\/www.boesner.com\/kunstportal\/#\/schema\/person\/aedc3818edf757b5567987ded16d8c6e\"},\"description\":\"K\u00fcnstlerin Simone Lucas lebt und arbeitet in Neuss. Sie hat an der Kunstakademie D\u00fcsseldorf studiert und als Meistersch\u00fclerin abgeschlossen\",\"breadcrumb\":{\"@id\":\"https:\/\/www.boesner.com\/kunstportal\/kunst-und-kuenstler\/portraet\/simone-lucas\/#breadcrumb\"},\"inLanguage\":\"de\",\"potentialAction\":[{\"@type\":\"ReadAction\",\"target\":[\"https:\/\/www.boesner.com\/kunstportal\/kunst-und-kuenstler\/portraet\/simone-lucas\/\"]}]},{\"@type\":\"ImageObject\",\"inLanguage\":\"de\",\"@id\":\"https:\/\/www.boesner.com\/kunstportal\/kunst-und-kuenstler\/portraet\/simone-lucas\/#primaryimage\",\"url\":\"https:\/\/www.boesner.com\/kunstportal\/app\/uploads\/2022\/12\/Headerbild-Simone-Lucas-Leben.jpg\",\"contentUrl\":\"https:\/\/www.boesner.com\/kunstportal\/app\/uploads\/2022\/12\/Headerbild-Simone-Lucas-Leben.jpg\",\"width\":897,\"height\":505,\"caption\":\"Nachweis Titelbild: Simone Lucas, Leben (Ausschnitt), 2016, \u00d6l auf Leinwand, 220 x 220 cm, \u00a9 Simone Lucas, Foto: Wendelin Bottl\u00e4nder.\"},{\"@type\":\"BreadcrumbList\",\"@id\":\"https:\/\/www.boesner.com\/kunstportal\/kunst-und-kuenstler\/portraet\/simone-lucas\/#breadcrumb\",\"itemListElement\":[{\"@type\":\"ListItem\",\"position\":1,\"name\":\"Home\",\"item\":\"https:\/\/www.boesner.com\/kunstportal\/\"},{\"@type\":\"ListItem\",\"position\":2,\"name\":\"In der Gegenwart, aus der Zeit gefallen\"}]},{\"@type\":\"WebSite\",\"@id\":\"https:\/\/www.boesner.com\/kunstportal\/#website\",\"url\":\"https:\/\/www.boesner.com\/kunstportal\/\",\"name\":\"boesnerKunstportal\",\"description\":\"\",\"potentialAction\":[{\"@type\":\"SearchAction\",\"target\":{\"@type\":\"EntryPoint\",\"urlTemplate\":\"https:\/\/www.boesner.com\/kunstportal\/?s={search_term_string}\"},\"query-input\":{\"@type\":\"PropertyValueSpecification\",\"valueRequired\":true,\"valueName\":\"search_term_string\"}}],\"inLanguage\":\"de\"},{\"@type\":\"Person\",\"@id\":\"https:\/\/www.boesner.com\/kunstportal\/#\/schema\/person\/aedc3818edf757b5567987ded16d8c6e\",\"name\":\"Mengdi Chen\",\"image\":{\"@type\":\"ImageObject\",\"inLanguage\":\"de\",\"@id\":\"https:\/\/www.boesner.com\/kunstportal\/#\/schema\/person\/image\/\",\"url\":\"https:\/\/secure.gravatar.com\/avatar\/4ac45ce2407acfc2a4dd93e026d0983185127c065a705d257c832bca4e3e5697?s=96&d=mm&r=g\",\"contentUrl\":\"https:\/\/secure.gravatar.com\/avatar\/4ac45ce2407acfc2a4dd93e026d0983185127c065a705d257c832bca4e3e5697?s=96&d=mm&r=g\",\"caption\":\"Mengdi Chen\"}}]}<\/script>\n<!-- \/ Yoast SEO plugin. -->","yoast_head_json":{"title":"In der Gegenwart,  aus der Zeit gefallen - boesnerKunstportal","description":"K\u00fcnstlerin Simone Lucas lebt und arbeitet in Neuss. Sie hat an der Kunstakademie D\u00fcsseldorf studiert und als Meistersch\u00fclerin abgeschlossen","robots":{"index":"index","follow":"follow","max-snippet":"max-snippet:-1","max-image-preview":"max-image-preview:large","max-video-preview":"max-video-preview:-1"},"canonical":"https:\/\/www.boesner.com\/kunstportal\/kunst-und-kuenstler\/portraet\/simone-lucas\/","og_locale":"de_DE","og_type":"article","og_title":"In der Gegenwart,  aus der Zeit gefallen - boesnerKunstportal","og_description":"K\u00fcnstlerin Simone Lucas lebt und arbeitet in Neuss. Sie hat an der Kunstakademie D\u00fcsseldorf studiert und als Meistersch\u00fclerin abgeschlossen","og_url":"https:\/\/www.boesner.com\/kunstportal\/kunst-und-kuenstler\/portraet\/simone-lucas\/","og_site_name":"boesnerKunstportal","article_publisher":"https:\/\/www.facebook.com\/boesner","article_published_time":"2022-12-16T07:57:55+00:00","article_modified_time":"2022-12-20T05:53:18+00:00","og_image":[{"url":"https:\/\/www.boesner.com\/kunstportal\/app\/uploads\/2022\/12\/Headerbild-Simone-Lucas-Leben.jpg","width":897,"height":505,"type":"image\/jpeg"}],"author":"Mengdi Chen","twitter_card":"summary_large_image","twitter_creator":"@boesner","twitter_site":"@boesner","twitter_misc":{"Verfasst von":"Mengdi Chen"},"schema":{"@context":"https:\/\/schema.org","@graph":[{"@type":"Article","@id":"https:\/\/www.boesner.com\/kunstportal\/kunst-und-kuenstler\/portraet\/simone-lucas\/#article","isPartOf":{"@id":"https:\/\/www.boesner.com\/kunstportal\/kunst-und-kuenstler\/portraet\/simone-lucas\/"},"author":{"name":"Mengdi Chen","@id":"https:\/\/www.boesner.com\/kunstportal\/#\/schema\/person\/aedc3818edf757b5567987ded16d8c6e"},"headline":"In der Gegenwart, aus der Zeit gefallen","datePublished":"2022-12-16T07:57:55+00:00","dateModified":"2022-12-20T05:53:18+00:00","mainEntityOfPage":{"@id":"https:\/\/www.boesner.com\/kunstportal\/kunst-und-kuenstler\/portraet\/simone-lucas\/"},"wordCount":7,"commentCount":0,"image":{"@id":"https:\/\/www.boesner.com\/kunstportal\/kunst-und-kuenstler\/portraet\/simone-lucas\/#primaryimage"},"thumbnailUrl":"https:\/\/www.boesner.com\/kunstportal\/app\/uploads\/2022\/12\/Headerbild-Simone-Lucas-Leben.jpg","keywords":["simone lucas"],"articleSection":["Portr\u00e4t"],"inLanguage":"de","potentialAction":[{"@type":"CommentAction","name":"Comment","target":["https:\/\/www.boesner.com\/kunstportal\/kunst-und-kuenstler\/portraet\/simone-lucas\/#respond"]}]},{"@type":"WebPage","@id":"https:\/\/www.boesner.com\/kunstportal\/kunst-und-kuenstler\/portraet\/simone-lucas\/","url":"https:\/\/www.boesner.com\/kunstportal\/kunst-und-kuenstler\/portraet\/simone-lucas\/","name":"In der Gegenwart, aus der Zeit gefallen - boesnerKunstportal","isPartOf":{"@id":"https:\/\/www.boesner.com\/kunstportal\/#website"},"primaryImageOfPage":{"@id":"https:\/\/www.boesner.com\/kunstportal\/kunst-und-kuenstler\/portraet\/simone-lucas\/#primaryimage"},"image":{"@id":"https:\/\/www.boesner.com\/kunstportal\/kunst-und-kuenstler\/portraet\/simone-lucas\/#primaryimage"},"thumbnailUrl":"https:\/\/www.boesner.com\/kunstportal\/app\/uploads\/2022\/12\/Headerbild-Simone-Lucas-Leben.jpg","datePublished":"2022-12-16T07:57:55+00:00","dateModified":"2022-12-20T05:53:18+00:00","author":{"@id":"https:\/\/www.boesner.com\/kunstportal\/#\/schema\/person\/aedc3818edf757b5567987ded16d8c6e"},"description":"K\u00fcnstlerin Simone Lucas lebt und arbeitet in Neuss. Sie hat an der Kunstakademie D\u00fcsseldorf studiert und als Meistersch\u00fclerin abgeschlossen","breadcrumb":{"@id":"https:\/\/www.boesner.com\/kunstportal\/kunst-und-kuenstler\/portraet\/simone-lucas\/#breadcrumb"},"inLanguage":"de","potentialAction":[{"@type":"ReadAction","target":["https:\/\/www.boesner.com\/kunstportal\/kunst-und-kuenstler\/portraet\/simone-lucas\/"]}]},{"@type":"ImageObject","inLanguage":"de","@id":"https:\/\/www.boesner.com\/kunstportal\/kunst-und-kuenstler\/portraet\/simone-lucas\/#primaryimage","url":"https:\/\/www.boesner.com\/kunstportal\/app\/uploads\/2022\/12\/Headerbild-Simone-Lucas-Leben.jpg","contentUrl":"https:\/\/www.boesner.com\/kunstportal\/app\/uploads\/2022\/12\/Headerbild-Simone-Lucas-Leben.jpg","width":897,"height":505,"caption":"Nachweis Titelbild: Simone Lucas, Leben (Ausschnitt), 2016, \u00d6l auf Leinwand, 220 x 220 cm, \u00a9 Simone Lucas, Foto: Wendelin Bottl\u00e4nder."},{"@type":"BreadcrumbList","@id":"https:\/\/www.boesner.com\/kunstportal\/kunst-und-kuenstler\/portraet\/simone-lucas\/#breadcrumb","itemListElement":[{"@type":"ListItem","position":1,"name":"Home","item":"https:\/\/www.boesner.com\/kunstportal\/"},{"@type":"ListItem","position":2,"name":"In der Gegenwart, aus der Zeit gefallen"}]},{"@type":"WebSite","@id":"https:\/\/www.boesner.com\/kunstportal\/#website","url":"https:\/\/www.boesner.com\/kunstportal\/","name":"boesnerKunstportal","description":"","potentialAction":[{"@type":"SearchAction","target":{"@type":"EntryPoint","urlTemplate":"https:\/\/www.boesner.com\/kunstportal\/?s={search_term_string}"},"query-input":{"@type":"PropertyValueSpecification","valueRequired":true,"valueName":"search_term_string"}}],"inLanguage":"de"},{"@type":"Person","@id":"https:\/\/www.boesner.com\/kunstportal\/#\/schema\/person\/aedc3818edf757b5567987ded16d8c6e","name":"Mengdi Chen","image":{"@type":"ImageObject","inLanguage":"de","@id":"https:\/\/www.boesner.com\/kunstportal\/#\/schema\/person\/image\/","url":"https:\/\/secure.gravatar.com\/avatar\/4ac45ce2407acfc2a4dd93e026d0983185127c065a705d257c832bca4e3e5697?s=96&d=mm&r=g","contentUrl":"https:\/\/secure.gravatar.com\/avatar\/4ac45ce2407acfc2a4dd93e026d0983185127c065a705d257c832bca4e3e5697?s=96&d=mm&r=g","caption":"Mengdi Chen"}}]}},"_links":{"self":[{"href":"https:\/\/www.boesner.com\/kunstportal\/wp-json\/wp\/v2\/posts\/56385","targetHints":{"allow":["GET"]}}],"collection":[{"href":"https:\/\/www.boesner.com\/kunstportal\/wp-json\/wp\/v2\/posts"}],"about":[{"href":"https:\/\/www.boesner.com\/kunstportal\/wp-json\/wp\/v2\/types\/post"}],"author":[{"embeddable":true,"href":"https:\/\/www.boesner.com\/kunstportal\/wp-json\/wp\/v2\/users\/19"}],"replies":[{"embeddable":true,"href":"https:\/\/www.boesner.com\/kunstportal\/wp-json\/wp\/v2\/comments?post=56385"}],"version-history":[{"count":5,"href":"https:\/\/www.boesner.com\/kunstportal\/wp-json\/wp\/v2\/posts\/56385\/revisions"}],"predecessor-version":[{"id":56419,"href":"https:\/\/www.boesner.com\/kunstportal\/wp-json\/wp\/v2\/posts\/56385\/revisions\/56419"}],"wp:featuredmedia":[{"embeddable":true,"href":"https:\/\/www.boesner.com\/kunstportal\/wp-json\/wp\/v2\/media\/56399"}],"wp:attachment":[{"href":"https:\/\/www.boesner.com\/kunstportal\/wp-json\/wp\/v2\/media?parent=56385"}],"wp:term":[{"taxonomy":"category","embeddable":true,"href":"https:\/\/www.boesner.com\/kunstportal\/wp-json\/wp\/v2\/categories?post=56385"},{"taxonomy":"post_tag","embeddable":true,"href":"https:\/\/www.boesner.com\/kunstportal\/wp-json\/wp\/v2\/tags?post=56385"}],"curies":[{"name":"wp","href":"https:\/\/api.w.org\/{rel}","templated":true}]}}