{"id":51127,"date":"2021-10-21T11:00:38","date_gmt":"2021-10-21T09:00:38","guid":{"rendered":"https:\/\/www.boesner.com\/kunstportal\/?p=51127"},"modified":"2022-01-28T09:26:50","modified_gmt":"2022-01-28T08:26:50","slug":"johannes-stuettgen-zu-beuys","status":"publish","type":"post","link":"https:\/\/www.boesner.com\/kunstportal\/kunst-und-kuenstler\/interview\/johannes-stuettgen-zu-beuys\/","title":{"rendered":"Die Ursache der Kunst liegt in der Zukunft"},"content":{"rendered":"","protected":false},"excerpt":{"rendered":"<p>Johannes St\u00fcttgen \u00fcber die Bedeutung von Joseph Beuys f\u00fcr die Kunst<\/p>\n","protected":false},"author":9,"featured_media":52071,"comment_status":"open","ping_status":"closed","sticky":false,"template":"","format":"standard","meta":[],"categories":[2],"tags":[505,483],"class_list":["post-51127","post","type-post","status-publish","format-standard","has-post-thumbnail","hentry","category-interview","tag-johannes-stuettgen","tag-joseph-beuys"],"acf":[],"yoast_head":"<!-- This site is optimized with the Yoast SEO plugin v27.0 - https:\/\/yoast.com\/product\/yoast-seo-wordpress\/ -->\n<title>Die Ursache der Kunst liegt in der Zukunft - boesnerKunstportal<\/title>\n<meta name=\"description\" content=\"Johannes St\u00fcttgen, Meistersch\u00fcler und engster Mitarbeiter von Joseph Beuys, \u00fcber die Bedeutung von Joseph Beuys f\u00fcr die Kunst.\" \/>\n<meta name=\"robots\" content=\"index, follow, max-snippet:-1, max-image-preview:large, max-video-preview:-1\" \/>\n<link rel=\"canonical\" href=\"https:\/\/www.boesner.com\/kunstportal\/kunst-und-kuenstler\/interview\/johannes-stuettgen-zu-beuys\/\" \/>\n<meta property=\"og:locale\" content=\"de_DE\" \/>\n<meta property=\"og:type\" content=\"article\" \/>\n<meta property=\"og:title\" content=\"Die Ursache der Kunst liegt in der Zukunft - boesnerKunstportal\" \/>\n<meta property=\"og:description\" content=\"Johannes St\u00fcttgen, Meistersch\u00fcler und engster Mitarbeiter von Joseph Beuys, \u00fcber die Bedeutung von Joseph Beuys f\u00fcr die Kunst.\" \/>\n<meta property=\"og:url\" content=\"https:\/\/www.boesner.com\/kunstportal\/kunst-und-kuenstler\/interview\/johannes-stuettgen-zu-beuys\/\" \/>\n<meta property=\"og:site_name\" content=\"boesnerKunstportal\" \/>\n<meta property=\"article:publisher\" content=\"https:\/\/www.facebook.com\/boesner\" \/>\n<meta property=\"article:published_time\" content=\"2021-10-21T09:00:38+00:00\" \/>\n<meta property=\"article:modified_time\" content=\"2022-01-28T08:26:50+00:00\" \/>\n<meta property=\"og:image\" content=\"https:\/\/www.boesner.com\/kunstportal\/app\/uploads\/2021\/10\/Johannes-Stuettgen_Profil-1200x630.jpg\" \/>\n\t<meta property=\"og:image:width\" content=\"1200\" \/>\n\t<meta property=\"og:image:height\" content=\"630\" \/>\n\t<meta property=\"og:image:type\" content=\"image\/jpeg\" \/>\n<meta name=\"author\" content=\"kunstportal\" \/>\n<meta name=\"twitter:card\" content=\"summary_large_image\" \/>\n<meta name=\"twitter:creator\" content=\"@boesner\" \/>\n<meta name=\"twitter:site\" content=\"@boesner\" \/>\n<meta name=\"twitter:label1\" content=\"Verfasst von\" \/>\n\t<meta name=\"twitter:data1\" content=\"kunstportal\" \/>\n<script type=\"application\/ld+json\" class=\"yoast-schema-graph\">{\"@context\":\"https:\/\/schema.org\",\"@graph\":[{\"@type\":\"Article\",\"@id\":\"https:\/\/www.boesner.com\/kunstportal\/kunst-und-kuenstler\/interview\/johannes-stuettgen-zu-beuys\/#article\",\"isPartOf\":{\"@id\":\"https:\/\/www.boesner.com\/kunstportal\/kunst-und-kuenstler\/interview\/johannes-stuettgen-zu-beuys\/\"},\"author\":{\"name\":\"kunstportal\",\"@id\":\"https:\/\/www.boesner.com\/kunstportal\/#\/schema\/person\/29c871eaa27dc90d61b05b61b3112a4f\"},\"headline\":\"Die Ursache der Kunst liegt in der Zukunft\",\"datePublished\":\"2021-10-21T09:00:38+00:00\",\"dateModified\":\"2022-01-28T08:26:50+00:00\",\"mainEntityOfPage\":{\"@id\":\"https:\/\/www.boesner.com\/kunstportal\/kunst-und-kuenstler\/interview\/johannes-stuettgen-zu-beuys\/\"},\"wordCount\":8,\"commentCount\":0,\"image\":{\"@id\":\"https:\/\/www.boesner.com\/kunstportal\/kunst-und-kuenstler\/interview\/johannes-stuettgen-zu-beuys\/#primaryimage\"},\"thumbnailUrl\":\"https:\/\/www.boesner.com\/kunstportal\/app\/uploads\/2021\/10\/Johannes-Stuettgen_Profil.jpg\",\"keywords\":[\"Johannes St\u00fcttgen\",\"Joseph Beuys\"],\"articleSection\":[\"Interview\"],\"inLanguage\":\"de\",\"potentialAction\":[{\"@type\":\"CommentAction\",\"name\":\"Comment\",\"target\":[\"https:\/\/www.boesner.com\/kunstportal\/kunst-und-kuenstler\/interview\/johannes-stuettgen-zu-beuys\/#respond\"]}]},{\"@type\":\"WebPage\",\"@id\":\"https:\/\/www.boesner.com\/kunstportal\/kunst-und-kuenstler\/interview\/johannes-stuettgen-zu-beuys\/\",\"url\":\"https:\/\/www.boesner.com\/kunstportal\/kunst-und-kuenstler\/interview\/johannes-stuettgen-zu-beuys\/\",\"name\":\"Die Ursache der Kunst liegt in der Zukunft - boesnerKunstportal\",\"isPartOf\":{\"@id\":\"https:\/\/www.boesner.com\/kunstportal\/#website\"},\"primaryImageOfPage\":{\"@id\":\"https:\/\/www.boesner.com\/kunstportal\/kunst-und-kuenstler\/interview\/johannes-stuettgen-zu-beuys\/#primaryimage\"},\"image\":{\"@id\":\"https:\/\/www.boesner.com\/kunstportal\/kunst-und-kuenstler\/interview\/johannes-stuettgen-zu-beuys\/#primaryimage\"},\"thumbnailUrl\":\"https:\/\/www.boesner.com\/kunstportal\/app\/uploads\/2021\/10\/Johannes-Stuettgen_Profil.jpg\",\"datePublished\":\"2021-10-21T09:00:38+00:00\",\"dateModified\":\"2022-01-28T08:26:50+00:00\",\"author\":{\"@id\":\"https:\/\/www.boesner.com\/kunstportal\/#\/schema\/person\/29c871eaa27dc90d61b05b61b3112a4f\"},\"description\":\"Johannes St\u00fcttgen, Meistersch\u00fcler und engster Mitarbeiter von Joseph Beuys, \u00fcber die Bedeutung von Joseph Beuys f\u00fcr die Kunst.\",\"breadcrumb\":{\"@id\":\"https:\/\/www.boesner.com\/kunstportal\/kunst-und-kuenstler\/interview\/johannes-stuettgen-zu-beuys\/#breadcrumb\"},\"inLanguage\":\"de\",\"potentialAction\":[{\"@type\":\"ReadAction\",\"target\":[\"https:\/\/www.boesner.com\/kunstportal\/kunst-und-kuenstler\/interview\/johannes-stuettgen-zu-beuys\/\"]}]},{\"@type\":\"ImageObject\",\"inLanguage\":\"de\",\"@id\":\"https:\/\/www.boesner.com\/kunstportal\/kunst-und-kuenstler\/interview\/johannes-stuettgen-zu-beuys\/#primaryimage\",\"url\":\"https:\/\/www.boesner.com\/kunstportal\/app\/uploads\/2021\/10\/Johannes-Stuettgen_Profil.jpg\",\"contentUrl\":\"https:\/\/www.boesner.com\/kunstportal\/app\/uploads\/2021\/10\/Johannes-Stuettgen_Profil.jpg\",\"width\":1349,\"height\":632,\"caption\":\"Johannes St\u00fcttgen_Profil\"},{\"@type\":\"BreadcrumbList\",\"@id\":\"https:\/\/www.boesner.com\/kunstportal\/kunst-und-kuenstler\/interview\/johannes-stuettgen-zu-beuys\/#breadcrumb\",\"itemListElement\":[{\"@type\":\"ListItem\",\"position\":1,\"name\":\"Home\",\"item\":\"https:\/\/www.boesner.com\/kunstportal\/\"},{\"@type\":\"ListItem\",\"position\":2,\"name\":\"Die Ursache der Kunst liegt in der Zukunft\"}]},{\"@type\":\"WebSite\",\"@id\":\"https:\/\/www.boesner.com\/kunstportal\/#website\",\"url\":\"https:\/\/www.boesner.com\/kunstportal\/\",\"name\":\"boesnerKunstportal\",\"description\":\"\",\"potentialAction\":[{\"@type\":\"SearchAction\",\"target\":{\"@type\":\"EntryPoint\",\"urlTemplate\":\"https:\/\/www.boesner.com\/kunstportal\/?s={search_term_string}\"},\"query-input\":{\"@type\":\"PropertyValueSpecification\",\"valueRequired\":true,\"valueName\":\"search_term_string\"}}],\"inLanguage\":\"de\"},{\"@type\":\"Person\",\"@id\":\"https:\/\/www.boesner.com\/kunstportal\/#\/schema\/person\/29c871eaa27dc90d61b05b61b3112a4f\",\"name\":\"kunstportal\",\"image\":{\"@type\":\"ImageObject\",\"inLanguage\":\"de\",\"@id\":\"https:\/\/www.boesner.com\/kunstportal\/#\/schema\/person\/image\/\",\"url\":\"https:\/\/secure.gravatar.com\/avatar\/f4a40f1298cee68fdd0a0079d60a5f5d83550f6e145495ebd8aa4a4fecfbb6c7?s=96&d=mm&r=g\",\"contentUrl\":\"https:\/\/secure.gravatar.com\/avatar\/f4a40f1298cee68fdd0a0079d60a5f5d83550f6e145495ebd8aa4a4fecfbb6c7?s=96&d=mm&r=g\",\"caption\":\"kunstportal\"}}]}<\/script>\n<!-- \/ Yoast SEO plugin. -->","yoast_head_json":{"title":"Die Ursache der Kunst liegt in der Zukunft - boesnerKunstportal","description":"Johannes St\u00fcttgen, Meistersch\u00fcler und engster Mitarbeiter von Joseph Beuys, \u00fcber die Bedeutung von Joseph Beuys f\u00fcr die Kunst.","robots":{"index":"index","follow":"follow","max-snippet":"max-snippet:-1","max-image-preview":"max-image-preview:large","max-video-preview":"max-video-preview:-1"},"canonical":"https:\/\/www.boesner.com\/kunstportal\/kunst-und-kuenstler\/interview\/johannes-stuettgen-zu-beuys\/","og_locale":"de_DE","og_type":"article","og_title":"Die Ursache der Kunst liegt in der Zukunft - boesnerKunstportal","og_description":"Johannes St\u00fcttgen, Meistersch\u00fcler und engster Mitarbeiter von Joseph Beuys, \u00fcber die Bedeutung von Joseph Beuys f\u00fcr die Kunst.","og_url":"https:\/\/www.boesner.com\/kunstportal\/kunst-und-kuenstler\/interview\/johannes-stuettgen-zu-beuys\/","og_site_name":"boesnerKunstportal","article_publisher":"https:\/\/www.facebook.com\/boesner","article_published_time":"2021-10-21T09:00:38+00:00","article_modified_time":"2022-01-28T08:26:50+00:00","og_image":[{"width":1200,"height":630,"url":"https:\/\/www.boesner.com\/kunstportal\/app\/uploads\/2021\/10\/Johannes-Stuettgen_Profil-1200x630.jpg","type":"image\/jpeg"}],"author":"kunstportal","twitter_card":"summary_large_image","twitter_creator":"@boesner","twitter_site":"@boesner","twitter_misc":{"Verfasst von":"kunstportal"},"schema":{"@context":"https:\/\/schema.org","@graph":[{"@type":"Article","@id":"https:\/\/www.boesner.com\/kunstportal\/kunst-und-kuenstler\/interview\/johannes-stuettgen-zu-beuys\/#article","isPartOf":{"@id":"https:\/\/www.boesner.com\/kunstportal\/kunst-und-kuenstler\/interview\/johannes-stuettgen-zu-beuys\/"},"author":{"name":"kunstportal","@id":"https:\/\/www.boesner.com\/kunstportal\/#\/schema\/person\/29c871eaa27dc90d61b05b61b3112a4f"},"headline":"Die Ursache der Kunst liegt in der Zukunft","datePublished":"2021-10-21T09:00:38+00:00","dateModified":"2022-01-28T08:26:50+00:00","mainEntityOfPage":{"@id":"https:\/\/www.boesner.com\/kunstportal\/kunst-und-kuenstler\/interview\/johannes-stuettgen-zu-beuys\/"},"wordCount":8,"commentCount":0,"image":{"@id":"https:\/\/www.boesner.com\/kunstportal\/kunst-und-kuenstler\/interview\/johannes-stuettgen-zu-beuys\/#primaryimage"},"thumbnailUrl":"https:\/\/www.boesner.com\/kunstportal\/app\/uploads\/2021\/10\/Johannes-Stuettgen_Profil.jpg","keywords":["Johannes St\u00fcttgen","Joseph Beuys"],"articleSection":["Interview"],"inLanguage":"de","potentialAction":[{"@type":"CommentAction","name":"Comment","target":["https:\/\/www.boesner.com\/kunstportal\/kunst-und-kuenstler\/interview\/johannes-stuettgen-zu-beuys\/#respond"]}]},{"@type":"WebPage","@id":"https:\/\/www.boesner.com\/kunstportal\/kunst-und-kuenstler\/interview\/johannes-stuettgen-zu-beuys\/","url":"https:\/\/www.boesner.com\/kunstportal\/kunst-und-kuenstler\/interview\/johannes-stuettgen-zu-beuys\/","name":"Die Ursache der Kunst liegt in der Zukunft - boesnerKunstportal","isPartOf":{"@id":"https:\/\/www.boesner.com\/kunstportal\/#website"},"primaryImageOfPage":{"@id":"https:\/\/www.boesner.com\/kunstportal\/kunst-und-kuenstler\/interview\/johannes-stuettgen-zu-beuys\/#primaryimage"},"image":{"@id":"https:\/\/www.boesner.com\/kunstportal\/kunst-und-kuenstler\/interview\/johannes-stuettgen-zu-beuys\/#primaryimage"},"thumbnailUrl":"https:\/\/www.boesner.com\/kunstportal\/app\/uploads\/2021\/10\/Johannes-Stuettgen_Profil.jpg","datePublished":"2021-10-21T09:00:38+00:00","dateModified":"2022-01-28T08:26:50+00:00","author":{"@id":"https:\/\/www.boesner.com\/kunstportal\/#\/schema\/person\/29c871eaa27dc90d61b05b61b3112a4f"},"description":"Johannes St\u00fcttgen, Meistersch\u00fcler und engster Mitarbeiter von Joseph Beuys, \u00fcber die Bedeutung von Joseph Beuys f\u00fcr die Kunst.","breadcrumb":{"@id":"https:\/\/www.boesner.com\/kunstportal\/kunst-und-kuenstler\/interview\/johannes-stuettgen-zu-beuys\/#breadcrumb"},"inLanguage":"de","potentialAction":[{"@type":"ReadAction","target":["https:\/\/www.boesner.com\/kunstportal\/kunst-und-kuenstler\/interview\/johannes-stuettgen-zu-beuys\/"]}]},{"@type":"ImageObject","inLanguage":"de","@id":"https:\/\/www.boesner.com\/kunstportal\/kunst-und-kuenstler\/interview\/johannes-stuettgen-zu-beuys\/#primaryimage","url":"https:\/\/www.boesner.com\/kunstportal\/app\/uploads\/2021\/10\/Johannes-Stuettgen_Profil.jpg","contentUrl":"https:\/\/www.boesner.com\/kunstportal\/app\/uploads\/2021\/10\/Johannes-Stuettgen_Profil.jpg","width":1349,"height":632,"caption":"Johannes St\u00fcttgen_Profil"},{"@type":"BreadcrumbList","@id":"https:\/\/www.boesner.com\/kunstportal\/kunst-und-kuenstler\/interview\/johannes-stuettgen-zu-beuys\/#breadcrumb","itemListElement":[{"@type":"ListItem","position":1,"name":"Home","item":"https:\/\/www.boesner.com\/kunstportal\/"},{"@type":"ListItem","position":2,"name":"Die Ursache der Kunst liegt in der Zukunft"}]},{"@type":"WebSite","@id":"https:\/\/www.boesner.com\/kunstportal\/#website","url":"https:\/\/www.boesner.com\/kunstportal\/","name":"boesnerKunstportal","description":"","potentialAction":[{"@type":"SearchAction","target":{"@type":"EntryPoint","urlTemplate":"https:\/\/www.boesner.com\/kunstportal\/?s={search_term_string}"},"query-input":{"@type":"PropertyValueSpecification","valueRequired":true,"valueName":"search_term_string"}}],"inLanguage":"de"},{"@type":"Person","@id":"https:\/\/www.boesner.com\/kunstportal\/#\/schema\/person\/29c871eaa27dc90d61b05b61b3112a4f","name":"kunstportal","image":{"@type":"ImageObject","inLanguage":"de","@id":"https:\/\/www.boesner.com\/kunstportal\/#\/schema\/person\/image\/","url":"https:\/\/secure.gravatar.com\/avatar\/f4a40f1298cee68fdd0a0079d60a5f5d83550f6e145495ebd8aa4a4fecfbb6c7?s=96&d=mm&r=g","contentUrl":"https:\/\/secure.gravatar.com\/avatar\/f4a40f1298cee68fdd0a0079d60a5f5d83550f6e145495ebd8aa4a4fecfbb6c7?s=96&d=mm&r=g","caption":"kunstportal"}}]}},"_links":{"self":[{"href":"https:\/\/www.boesner.com\/kunstportal\/wp-json\/wp\/v2\/posts\/51127","targetHints":{"allow":["GET"]}}],"collection":[{"href":"https:\/\/www.boesner.com\/kunstportal\/wp-json\/wp\/v2\/posts"}],"about":[{"href":"https:\/\/www.boesner.com\/kunstportal\/wp-json\/wp\/v2\/types\/post"}],"author":[{"embeddable":true,"href":"https:\/\/www.boesner.com\/kunstportal\/wp-json\/wp\/v2\/users\/9"}],"replies":[{"embeddable":true,"href":"https:\/\/www.boesner.com\/kunstportal\/wp-json\/wp\/v2\/comments?post=51127"}],"version-history":[{"count":19,"href":"https:\/\/www.boesner.com\/kunstportal\/wp-json\/wp\/v2\/posts\/51127\/revisions"}],"predecessor-version":[{"id":52073,"href":"https:\/\/www.boesner.com\/kunstportal\/wp-json\/wp\/v2\/posts\/51127\/revisions\/52073"}],"wp:featuredmedia":[{"embeddable":true,"href":"https:\/\/www.boesner.com\/kunstportal\/wp-json\/wp\/v2\/media\/52071"}],"wp:attachment":[{"href":"https:\/\/www.boesner.com\/kunstportal\/wp-json\/wp\/v2\/media?parent=51127"}],"wp:term":[{"taxonomy":"category","embeddable":true,"href":"https:\/\/www.boesner.com\/kunstportal\/wp-json\/wp\/v2\/categories?post=51127"},{"taxonomy":"post_tag","embeddable":true,"href":"https:\/\/www.boesner.com\/kunstportal\/wp-json\/wp\/v2\/tags?post=51127"}],"curies":[{"name":"wp","href":"https:\/\/api.w.org\/{rel}","templated":true}]}}