{"id":36907,"date":"2019-02-28T12:47:07","date_gmt":"2019-02-28T11:47:07","guid":{"rendered":"https:\/\/www.boesner.com\/kunstportal\/?p=36907"},"modified":"2019-02-28T15:21:01","modified_gmt":"2019-02-28T14:21:01","slug":"leichtfuessig-bewegt","status":"publish","type":"post","link":"https:\/\/www.boesner.com\/kunstportal\/material-und-inspiration\/leichtfuessig-bewegt\/","title":{"rendered":"Leichtf\u00fc\u00dfig bewegt"},"content":{"rendered":"","protected":false},"excerpt":{"rendered":"","protected":false},"author":19,"featured_media":36925,"comment_status":"closed","ping_status":"closed","sticky":false,"template":"","format":"standard","meta":[],"categories":[39,11],"tags":[],"class_list":["post-36907","post","type-post","status-publish","format-standard","has-post-thumbnail","hentry","category-material-und-inspiration","category-praxis"],"acf":[],"yoast_head":"<!-- This site is optimized with the Yoast SEO plugin v27.0 - https:\/\/yoast.com\/product\/yoast-seo-wordpress\/ -->\n<title>Leichtf\u00fc\u00dfig bewegt - boesnerKunstportal<\/title>\n<meta name=\"description\" content=\"Seit dem 16. Jahrhundert diente die \u00d6lskizze im traditionellen Sinne den alten Meistern zur \u00dcberpr\u00fcfung von Entw\u00fcrfen.\" \/>\n<meta name=\"robots\" content=\"index, follow, max-snippet:-1, max-image-preview:large, max-video-preview:-1\" \/>\n<link rel=\"canonical\" href=\"https:\/\/www.boesner.com\/kunstportal\/material-und-inspiration\/leichtfuessig-bewegt\/\" \/>\n<meta property=\"og:locale\" content=\"de_DE\" \/>\n<meta property=\"og:type\" content=\"article\" \/>\n<meta property=\"og:title\" content=\"Leichtf\u00fc\u00dfig bewegt - boesnerKunstportal\" \/>\n<meta property=\"og:description\" content=\"Seit dem 16. Jahrhundert diente die \u00d6lskizze im traditionellen Sinne den alten Meistern zur \u00dcberpr\u00fcfung von Entw\u00fcrfen.\" \/>\n<meta property=\"og:url\" content=\"https:\/\/www.boesner.com\/kunstportal\/material-und-inspiration\/leichtfuessig-bewegt\/\" \/>\n<meta property=\"og:site_name\" content=\"boesnerKunstportal\" \/>\n<meta property=\"article:publisher\" content=\"https:\/\/www.facebook.com\/boesner\" \/>\n<meta property=\"article:published_time\" content=\"2019-02-28T11:47:07+00:00\" \/>\n<meta property=\"article:modified_time\" content=\"2019-02-28T14:21:01+00:00\" \/>\n<meta property=\"og:image\" content=\"https:\/\/www.boesner.com\/kunstportal\/app\/uploads\/2019\/02\/06_DSC_E8234-1200x630.jpg\" \/>\n\t<meta property=\"og:image:width\" content=\"1200\" \/>\n\t<meta property=\"og:image:height\" content=\"630\" \/>\n\t<meta property=\"og:image:type\" content=\"image\/jpeg\" \/>\n<meta name=\"author\" content=\"Mengdi Chen\" \/>\n<meta name=\"twitter:card\" content=\"summary_large_image\" \/>\n<meta name=\"twitter:creator\" content=\"@boesner\" \/>\n<meta name=\"twitter:site\" content=\"@boesner\" \/>\n<meta name=\"twitter:label1\" content=\"Verfasst von\" \/>\n\t<meta name=\"twitter:data1\" content=\"Mengdi Chen\" \/>\n<script type=\"application\/ld+json\" class=\"yoast-schema-graph\">{\"@context\":\"https:\/\/schema.org\",\"@graph\":[{\"@type\":\"Article\",\"@id\":\"https:\/\/www.boesner.com\/kunstportal\/material-und-inspiration\/leichtfuessig-bewegt\/#article\",\"isPartOf\":{\"@id\":\"https:\/\/www.boesner.com\/kunstportal\/material-und-inspiration\/leichtfuessig-bewegt\/\"},\"author\":{\"name\":\"Mengdi Chen\",\"@id\":\"https:\/\/www.boesner.com\/kunstportal\/#\/schema\/person\/aedc3818edf757b5567987ded16d8c6e\"},\"headline\":\"Leichtf\u00fc\u00dfig bewegt\",\"datePublished\":\"2019-02-28T11:47:07+00:00\",\"dateModified\":\"2019-02-28T14:21:01+00:00\",\"mainEntityOfPage\":{\"@id\":\"https:\/\/www.boesner.com\/kunstportal\/material-und-inspiration\/leichtfuessig-bewegt\/\"},\"wordCount\":3,\"image\":{\"@id\":\"https:\/\/www.boesner.com\/kunstportal\/material-und-inspiration\/leichtfuessig-bewegt\/#primaryimage\"},\"thumbnailUrl\":\"https:\/\/www.boesner.com\/kunstportal\/app\/uploads\/2019\/02\/06_DSC_E8234.jpg\",\"articleSection\":[\"Material &amp; Inspiration\",\"Praxis\"],\"inLanguage\":\"de\"},{\"@type\":\"WebPage\",\"@id\":\"https:\/\/www.boesner.com\/kunstportal\/material-und-inspiration\/leichtfuessig-bewegt\/\",\"url\":\"https:\/\/www.boesner.com\/kunstportal\/material-und-inspiration\/leichtfuessig-bewegt\/\",\"name\":\"Leichtf\u00fc\u00dfig bewegt - boesnerKunstportal\",\"isPartOf\":{\"@id\":\"https:\/\/www.boesner.com\/kunstportal\/#website\"},\"primaryImageOfPage\":{\"@id\":\"https:\/\/www.boesner.com\/kunstportal\/material-und-inspiration\/leichtfuessig-bewegt\/#primaryimage\"},\"image\":{\"@id\":\"https:\/\/www.boesner.com\/kunstportal\/material-und-inspiration\/leichtfuessig-bewegt\/#primaryimage\"},\"thumbnailUrl\":\"https:\/\/www.boesner.com\/kunstportal\/app\/uploads\/2019\/02\/06_DSC_E8234.jpg\",\"datePublished\":\"2019-02-28T11:47:07+00:00\",\"dateModified\":\"2019-02-28T14:21:01+00:00\",\"author\":{\"@id\":\"https:\/\/www.boesner.com\/kunstportal\/#\/schema\/person\/aedc3818edf757b5567987ded16d8c6e\"},\"description\":\"Seit dem 16. Jahrhundert diente die \u00d6lskizze im traditionellen Sinne den alten Meistern zur \u00dcberpr\u00fcfung von Entw\u00fcrfen.\",\"breadcrumb\":{\"@id\":\"https:\/\/www.boesner.com\/kunstportal\/material-und-inspiration\/leichtfuessig-bewegt\/#breadcrumb\"},\"inLanguage\":\"de\",\"potentialAction\":[{\"@type\":\"ReadAction\",\"target\":[\"https:\/\/www.boesner.com\/kunstportal\/material-und-inspiration\/leichtfuessig-bewegt\/\"]}]},{\"@type\":\"ImageObject\",\"inLanguage\":\"de\",\"@id\":\"https:\/\/www.boesner.com\/kunstportal\/material-und-inspiration\/leichtfuessig-bewegt\/#primaryimage\",\"url\":\"https:\/\/www.boesner.com\/kunstportal\/app\/uploads\/2019\/02\/06_DSC_E8234.jpg\",\"contentUrl\":\"https:\/\/www.boesner.com\/kunstportal\/app\/uploads\/2019\/02\/06_DSC_E8234.jpg\",\"width\":2832,\"height\":952,\"caption\":\"IR Bild\"},{\"@type\":\"BreadcrumbList\",\"@id\":\"https:\/\/www.boesner.com\/kunstportal\/material-und-inspiration\/leichtfuessig-bewegt\/#breadcrumb\",\"itemListElement\":[{\"@type\":\"ListItem\",\"position\":1,\"name\":\"Home\",\"item\":\"https:\/\/www.boesner.com\/kunstportal\/\"},{\"@type\":\"ListItem\",\"position\":2,\"name\":\"Leichtf\u00fc\u00dfig bewegt\"}]},{\"@type\":\"WebSite\",\"@id\":\"https:\/\/www.boesner.com\/kunstportal\/#website\",\"url\":\"https:\/\/www.boesner.com\/kunstportal\/\",\"name\":\"boesnerKunstportal\",\"description\":\"\",\"potentialAction\":[{\"@type\":\"SearchAction\",\"target\":{\"@type\":\"EntryPoint\",\"urlTemplate\":\"https:\/\/www.boesner.com\/kunstportal\/?s={search_term_string}\"},\"query-input\":{\"@type\":\"PropertyValueSpecification\",\"valueRequired\":true,\"valueName\":\"search_term_string\"}}],\"inLanguage\":\"de\"},{\"@type\":\"Person\",\"@id\":\"https:\/\/www.boesner.com\/kunstportal\/#\/schema\/person\/aedc3818edf757b5567987ded16d8c6e\",\"name\":\"Mengdi Chen\",\"image\":{\"@type\":\"ImageObject\",\"inLanguage\":\"de\",\"@id\":\"https:\/\/www.boesner.com\/kunstportal\/#\/schema\/person\/image\/\",\"url\":\"https:\/\/secure.gravatar.com\/avatar\/4ac45ce2407acfc2a4dd93e026d0983185127c065a705d257c832bca4e3e5697?s=96&d=mm&r=g\",\"contentUrl\":\"https:\/\/secure.gravatar.com\/avatar\/4ac45ce2407acfc2a4dd93e026d0983185127c065a705d257c832bca4e3e5697?s=96&d=mm&r=g\",\"caption\":\"Mengdi Chen\"}}]}<\/script>\n<!-- \/ Yoast SEO plugin. -->","yoast_head_json":{"title":"Leichtf\u00fc\u00dfig bewegt - boesnerKunstportal","description":"Seit dem 16. Jahrhundert diente die \u00d6lskizze im traditionellen Sinne den alten Meistern zur \u00dcberpr\u00fcfung von Entw\u00fcrfen.","robots":{"index":"index","follow":"follow","max-snippet":"max-snippet:-1","max-image-preview":"max-image-preview:large","max-video-preview":"max-video-preview:-1"},"canonical":"https:\/\/www.boesner.com\/kunstportal\/material-und-inspiration\/leichtfuessig-bewegt\/","og_locale":"de_DE","og_type":"article","og_title":"Leichtf\u00fc\u00dfig bewegt - boesnerKunstportal","og_description":"Seit dem 16. Jahrhundert diente die \u00d6lskizze im traditionellen Sinne den alten Meistern zur \u00dcberpr\u00fcfung von Entw\u00fcrfen.","og_url":"https:\/\/www.boesner.com\/kunstportal\/material-und-inspiration\/leichtfuessig-bewegt\/","og_site_name":"boesnerKunstportal","article_publisher":"https:\/\/www.facebook.com\/boesner","article_published_time":"2019-02-28T11:47:07+00:00","article_modified_time":"2019-02-28T14:21:01+00:00","og_image":[{"width":1200,"height":630,"url":"https:\/\/www.boesner.com\/kunstportal\/app\/uploads\/2019\/02\/06_DSC_E8234-1200x630.jpg","type":"image\/jpeg"}],"author":"Mengdi Chen","twitter_card":"summary_large_image","twitter_creator":"@boesner","twitter_site":"@boesner","twitter_misc":{"Verfasst von":"Mengdi Chen"},"schema":{"@context":"https:\/\/schema.org","@graph":[{"@type":"Article","@id":"https:\/\/www.boesner.com\/kunstportal\/material-und-inspiration\/leichtfuessig-bewegt\/#article","isPartOf":{"@id":"https:\/\/www.boesner.com\/kunstportal\/material-und-inspiration\/leichtfuessig-bewegt\/"},"author":{"name":"Mengdi Chen","@id":"https:\/\/www.boesner.com\/kunstportal\/#\/schema\/person\/aedc3818edf757b5567987ded16d8c6e"},"headline":"Leichtf\u00fc\u00dfig bewegt","datePublished":"2019-02-28T11:47:07+00:00","dateModified":"2019-02-28T14:21:01+00:00","mainEntityOfPage":{"@id":"https:\/\/www.boesner.com\/kunstportal\/material-und-inspiration\/leichtfuessig-bewegt\/"},"wordCount":3,"image":{"@id":"https:\/\/www.boesner.com\/kunstportal\/material-und-inspiration\/leichtfuessig-bewegt\/#primaryimage"},"thumbnailUrl":"https:\/\/www.boesner.com\/kunstportal\/app\/uploads\/2019\/02\/06_DSC_E8234.jpg","articleSection":["Material &amp; Inspiration","Praxis"],"inLanguage":"de"},{"@type":"WebPage","@id":"https:\/\/www.boesner.com\/kunstportal\/material-und-inspiration\/leichtfuessig-bewegt\/","url":"https:\/\/www.boesner.com\/kunstportal\/material-und-inspiration\/leichtfuessig-bewegt\/","name":"Leichtf\u00fc\u00dfig bewegt - boesnerKunstportal","isPartOf":{"@id":"https:\/\/www.boesner.com\/kunstportal\/#website"},"primaryImageOfPage":{"@id":"https:\/\/www.boesner.com\/kunstportal\/material-und-inspiration\/leichtfuessig-bewegt\/#primaryimage"},"image":{"@id":"https:\/\/www.boesner.com\/kunstportal\/material-und-inspiration\/leichtfuessig-bewegt\/#primaryimage"},"thumbnailUrl":"https:\/\/www.boesner.com\/kunstportal\/app\/uploads\/2019\/02\/06_DSC_E8234.jpg","datePublished":"2019-02-28T11:47:07+00:00","dateModified":"2019-02-28T14:21:01+00:00","author":{"@id":"https:\/\/www.boesner.com\/kunstportal\/#\/schema\/person\/aedc3818edf757b5567987ded16d8c6e"},"description":"Seit dem 16. Jahrhundert diente die \u00d6lskizze im traditionellen Sinne den alten Meistern zur \u00dcberpr\u00fcfung von Entw\u00fcrfen.","breadcrumb":{"@id":"https:\/\/www.boesner.com\/kunstportal\/material-und-inspiration\/leichtfuessig-bewegt\/#breadcrumb"},"inLanguage":"de","potentialAction":[{"@type":"ReadAction","target":["https:\/\/www.boesner.com\/kunstportal\/material-und-inspiration\/leichtfuessig-bewegt\/"]}]},{"@type":"ImageObject","inLanguage":"de","@id":"https:\/\/www.boesner.com\/kunstportal\/material-und-inspiration\/leichtfuessig-bewegt\/#primaryimage","url":"https:\/\/www.boesner.com\/kunstportal\/app\/uploads\/2019\/02\/06_DSC_E8234.jpg","contentUrl":"https:\/\/www.boesner.com\/kunstportal\/app\/uploads\/2019\/02\/06_DSC_E8234.jpg","width":2832,"height":952,"caption":"IR Bild"},{"@type":"BreadcrumbList","@id":"https:\/\/www.boesner.com\/kunstportal\/material-und-inspiration\/leichtfuessig-bewegt\/#breadcrumb","itemListElement":[{"@type":"ListItem","position":1,"name":"Home","item":"https:\/\/www.boesner.com\/kunstportal\/"},{"@type":"ListItem","position":2,"name":"Leichtf\u00fc\u00dfig bewegt"}]},{"@type":"WebSite","@id":"https:\/\/www.boesner.com\/kunstportal\/#website","url":"https:\/\/www.boesner.com\/kunstportal\/","name":"boesnerKunstportal","description":"","potentialAction":[{"@type":"SearchAction","target":{"@type":"EntryPoint","urlTemplate":"https:\/\/www.boesner.com\/kunstportal\/?s={search_term_string}"},"query-input":{"@type":"PropertyValueSpecification","valueRequired":true,"valueName":"search_term_string"}}],"inLanguage":"de"},{"@type":"Person","@id":"https:\/\/www.boesner.com\/kunstportal\/#\/schema\/person\/aedc3818edf757b5567987ded16d8c6e","name":"Mengdi Chen","image":{"@type":"ImageObject","inLanguage":"de","@id":"https:\/\/www.boesner.com\/kunstportal\/#\/schema\/person\/image\/","url":"https:\/\/secure.gravatar.com\/avatar\/4ac45ce2407acfc2a4dd93e026d0983185127c065a705d257c832bca4e3e5697?s=96&d=mm&r=g","contentUrl":"https:\/\/secure.gravatar.com\/avatar\/4ac45ce2407acfc2a4dd93e026d0983185127c065a705d257c832bca4e3e5697?s=96&d=mm&r=g","caption":"Mengdi Chen"}}]}},"_links":{"self":[{"href":"https:\/\/www.boesner.com\/kunstportal\/wp-json\/wp\/v2\/posts\/36907","targetHints":{"allow":["GET"]}}],"collection":[{"href":"https:\/\/www.boesner.com\/kunstportal\/wp-json\/wp\/v2\/posts"}],"about":[{"href":"https:\/\/www.boesner.com\/kunstportal\/wp-json\/wp\/v2\/types\/post"}],"author":[{"embeddable":true,"href":"https:\/\/www.boesner.com\/kunstportal\/wp-json\/wp\/v2\/users\/19"}],"replies":[{"embeddable":true,"href":"https:\/\/www.boesner.com\/kunstportal\/wp-json\/wp\/v2\/comments?post=36907"}],"version-history":[{"count":4,"href":"https:\/\/www.boesner.com\/kunstportal\/wp-json\/wp\/v2\/posts\/36907\/revisions"}],"predecessor-version":[{"id":36934,"href":"https:\/\/www.boesner.com\/kunstportal\/wp-json\/wp\/v2\/posts\/36907\/revisions\/36934"}],"wp:featuredmedia":[{"embeddable":true,"href":"https:\/\/www.boesner.com\/kunstportal\/wp-json\/wp\/v2\/media\/36925"}],"wp:attachment":[{"href":"https:\/\/www.boesner.com\/kunstportal\/wp-json\/wp\/v2\/media?parent=36907"}],"wp:term":[{"taxonomy":"category","embeddable":true,"href":"https:\/\/www.boesner.com\/kunstportal\/wp-json\/wp\/v2\/categories?post=36907"},{"taxonomy":"post_tag","embeddable":true,"href":"https:\/\/www.boesner.com\/kunstportal\/wp-json\/wp\/v2\/tags?post=36907"}],"curies":[{"name":"wp","href":"https:\/\/api.w.org\/{rel}","templated":true}]}}